{"id":79234,"date":"2025-04-10T07:15:00","date_gmt":"2025-04-10T13:15:00","guid":{"rendered":"https:\/\/zonaroja.com.mx\/?p=79234"},"modified":"2025-04-10T06:39:26","modified_gmt":"2025-04-10T12:39:26","slug":"enfrentamiento-deja-11-muertos-en-tecoanapa-guerrero","status":"publish","type":"post","link":"https:\/\/zonaroja.com.mx\/?p=79234","title":{"rendered":"Enfrentamiento deja 11 muertos en Tecoanapa, Guerrero"},"content":{"rendered":"\n<p>Redacci\u00f3n\/Zona Roja Cdmx.<\/p>\n\n\n\n<p>Ciudad de M\u00e9xico, a 10 de abril de 2025.- En el municipio de Tecoanapa en la regi\u00f3n Costa Chica del estado, se localizaron 11 cuerpos la noche del 8 de abril, en la localidad de Rancho Viejo, las primeras versiones indican que pudo tratarse de un enfrentamiento entre civiles.<\/p>\n\n\n\n<p>Mientras que en la localidad Yextla del municipio de Leonardo Bravo y al menos cinco colonias de Acapulco se desplegaron operativos de seguridad de los tres niveles de gobierno el mi\u00e9rcoles 9 de abril del presente a\u00f1o.<\/p>\n\n\n\n<p>La ma\u00f1ana del mi\u00e9rcoles la Fiscal\u00eda General del Estado (FGE) confirm\u00f3 el hallazgo de 11 personas muertas, todos ellos varones, por lo que elementos de la Polic\u00eda Investigadora Ministerial y de Servicios Periciales se trasladaron al lugar para realizar las diligencias correspondientes.<\/p>\n\n\n\n<p>Se presume que el hecho pudo derivarse de un enfrentamiento entre civiles armados, adem\u00e1s de que junto a los cuerpos, se encontr\u00f3 una camioneta de doble cabina quemada.<\/p>\n\n\n\n<p>Mientras que otra versi\u00f3n extraoficial se\u00f1ala que fueron dos grupos antag\u00f3nicos del crimen organizado, los que se enfrentaron en el lugar.<\/p>\n\n\n\n<p>Durante la noche del martes 8 de abril, pobladores de Rancho Viejo reportaron m\u00faltiples detonaciones de arma de fuego, por lo que solicitaron el apoyo de las autoridades.<\/p>\n\n\n\n<p>Familiares de las v\u00edctimas se opusieron a que los cuerpos fueran trasladados por el Servicio M\u00e9dico Forense (Semefo) para realizar las necropsias de ley.<\/p>\n\n\n\n<p>Extraoficialmente se divulg\u00f3 en redes sociales que uno de los 11 muertos era Aniceto Gallardo Mora, alias \u201cCheto\u201d o \u201cEl Comando\u201d, se\u00f1alado como jefe de plaza en el municipio de Tecoanapa.<\/p>\n\n\n\n<p>El cual presuntamente fue abatido en una emboscada perpetrada por un grupo criminal encabezado por Benito S\u00e1nchez Millas, alias \u201cEl Oso\u201d.<\/p>\n\n\n\n<p>Doce horas despu\u00e9s del hallazgo de los occisos en la Costa Chica, se report\u00f3 otro ataque armado en el municipio de Leonardo Bravo, que es la puerta a la Regi\u00f3n Sierra del Guerrero.<\/p>\n\n\n\n<p>Los hechos se registraron en la comunidad de Yextla, d\u00f3nde los pobladores denunciaron v\u00eda redes sociales que hombres fuertemente armados de enfrentaban en la zona, asimismo, fue publicado un video en el que se escuchan m\u00faltiples detonaciones de armas de fuego y el incendio de un inmueble.<\/p>\n\n\n\n<p>Para el mediod\u00eda el Gobierno de Guerrero inform\u00f3 que se enviaron a elementos de la Secretar\u00eda de Seguridad P\u00fablica (SSP) estatal, Guardia Nacional (GN) y el Ej\u00e9rcito Mexicano, para salvaguardar la integridad de los pobladores de la referida comunidad y de Izotepec.<\/p>\n\n\n\n<p>A la par la Marina, Ej\u00e9rcito Mexicano, GN y la SSP iniciaron un operativo de seguridad permanente en las colonias de la Mira, Potrerillo, Mozimba y Palomares del municipio de Acapulco, tras registrarse varias incidencias de violencia te han dejado un saldo de al menos tres personas muertas.<\/p>\n\n\n\n<p>Una de las v\u00edctimas fue asesinada el pasado 2 de abril y laboraba como taxista, en la glorieta de la colonia de la Mira, en el mismo lugar pero 24 horas despu\u00e9s ocho hombres armados incendiaron una miscel\u00e1nea y asesinaron a tres personas m\u00e1s.<\/p>\n\n\n\n<p>Mientras que en el tercer hecho violento registrado el 7 de abril, un trabajador m\u00e1s pero de una tortiller\u00eda con raz\u00f3n social \u201cSantiago\u201d fue privado de la vida tiros por sujetos armados.<\/p>\n\n\n\n<p>(Informaci\u00f3n de \u201cEl Sol de Acapulco\u201d\/\u201cEl Sol de M\u00e9xico\u201d)<\/p>\n","protected":false},"excerpt":{"rendered":"<p>Redacci\u00f3n\/Zona Roja Cdmx. Ciudad de M\u00e9xico, a 10 de abril de 2025.- En el municipio&hellip;<\/p>\n","protected":false},"author":2,"featured_media":79235,"comment_status":"closed","ping_status":"open","sticky":false,"template":"","format":"standard","meta":{"_lmt_disableupdate":"","_lmt_disable":"","_jetpack_memberships_contains_paid_content":false,"footnotes":""},"categories":[109,51],"tags":[4107],"class_list":["post-79234","post","type-post","status-publish","format-standard","has-post-thumbnail","hentry","category-minuto-a-minuto","category-zona-roja","tag-masacre-guerrero"],"jetpack_featured_media_url":"https:\/\/zonaroja.com.mx\/wp-content\/uploads\/2025\/04\/Once-asesinados-Guerrero.webp","jetpack_sharing_enabled":true,"_links":{"self":[{"href":"https:\/\/zonaroja.com.mx\/index.php?rest_route=\/wp\/v2\/posts\/79234","targetHints":{"allow":["GET"]}}],"collection":[{"href":"https:\/\/zonaroja.com.mx\/index.php?rest_route=\/wp\/v2\/posts"}],"about":[{"href":"https:\/\/zonaroja.com.mx\/index.php?rest_route=\/wp\/v2\/types\/post"}],"author":[{"embeddable":true,"href":"https:\/\/zonaroja.com.mx\/index.php?rest_route=\/wp\/v2\/users\/2"}],"replies":[{"embeddable":true,"href":"https:\/\/zonaroja.com.mx\/index.php?rest_route=%2Fwp%2Fv2%2Fcomments&post=79234"}],"version-history":[{"count":1,"href":"https:\/\/zonaroja.com.mx\/index.php?rest_route=\/wp\/v2\/posts\/79234\/revisions"}],"predecessor-version":[{"id":79236,"href":"https:\/\/zonaroja.com.mx\/index.php?rest_route=\/wp\/v2\/posts\/79234\/revisions\/79236"}],"wp:featuredmedia":[{"embeddable":true,"href":"https:\/\/zonaroja.com.mx\/index.php?rest_route=\/wp\/v2\/media\/79235"}],"wp:attachment":[{"href":"https:\/\/zonaroja.com.mx\/index.php?rest_route=%2Fwp%2Fv2%2Fmedia&parent=79234"}],"wp:term":[{"taxonomy":"category","embeddable":true,"href":"https:\/\/zonaroja.com.mx\/index.php?rest_route=%2Fwp%2Fv2%2Fcategories&post=79234"},{"taxonomy":"post_tag","embeddable":true,"href":"https:\/\/zonaroja.com.mx\/index.php?rest_route=%2Fwp%2Fv2%2Ftags&post=79234"}],"curies":[{"name":"wp","href":"https:\/\/api.w.org\/{rel}","templated":true}]}}