{"id":79237,"date":"2025-04-10T08:00:00","date_gmt":"2025-04-10T14:00:00","guid":{"rendered":"https:\/\/zonaroja.com.mx\/?p=79237"},"modified":"2025-04-10T07:13:44","modified_gmt":"2025-04-10T13:13:44","slug":"asesinan-a-una-adolescente-en-san-pablo-etla-hay-dos-lesionados","status":"publish","type":"post","link":"https:\/\/zonaroja.com.mx\/?p=79237","title":{"rendered":"Asesinan a una adolescente en San Pablo, Etla; hay dos lesionados"},"content":{"rendered":"\n<p>Raymundo Morales\/Zona Roja.<\/p>\n\n\n\n<p>Oaxaca de Ju\u00e1rez, Oax., a 10 de abril de 2025.- Una adolescente de 17 a\u00f1os de edad fue asesinada a balazos en San Pablo, Etla, mientras que dos personas m\u00e1s del sexo masculino resultaron lesionadas.<\/p>\n\n\n\n<p>El ataque armado se dio a conocer ayer mi\u00e9rcoles, en que sujetos acribillaron a los integrantes de una familia en dicho municipio ubicado en la zona metropolitana, por el lado poniente, de la ciudad de Oaxaca.<\/p>\n\n\n\n<p>De acuerdo con los primeros datos, la v\u00edctima fue identificada como Mar\u00eda Isabel M. O., mientras que su pareja, Jos\u00e9 Alexander V. M., tambi\u00e9n de 17 a\u00f1os de edad, result\u00f3 lesionado; hay otra persona herida, a\u00fan no identificada.<\/p>\n\n\n\n<p>Agentes de investigaci\u00f3n y peritos de la Fiscal\u00eda General del Estado de Oaxaca iniciaron las indagatorias, bajo los protocolos de feminicidio, en el caso de la adolescente.<\/p>\n\n\n\n<p>ROBAN A EDIL<\/p>\n\n\n\n<p>Por otra parte, el presidente municipal de Santiago Ayuquililla, de la regi\u00f3n Mixteca, denunci\u00f3 que al menos cinco delincuentes ingresaron a su domicilio para robar varios bienes.<\/p>\n\n\n\n<p>El suceso ocurri\u00f3 el pasado mi\u00e9rcoles en que, seg\u00fan dijo, los sujetos armados los amagaron y se llevaron joyas y otros bienes, as\u00ed como dinero en efectivo; el edil present\u00f3 su denuncia en la Vicefiscal\u00eda Regional de la Mixteca.<\/p>\n","protected":false},"excerpt":{"rendered":"<p>Raymundo Morales\/Zona Roja. Oaxaca de Ju\u00e1rez, Oax., a 10 de abril de 2025.- Una adolescente&hellip;<\/p>\n","protected":false},"author":2,"featured_media":74063,"comment_status":"closed","ping_status":"open","sticky":false,"template":"","format":"standard","meta":{"_lmt_disableupdate":"","_lmt_disable":"","_jetpack_memberships_contains_paid_content":false,"footnotes":""},"categories":[109,51],"tags":[824],"class_list":["post-79237","post","type-post","status-publish","format-standard","has-post-thumbnail","hentry","category-minuto-a-minuto","category-zona-roja","tag-san-pablo-etla"],"jetpack_featured_media_url":"https:\/\/zonaroja.com.mx\/wp-content\/uploads\/2024\/11\/Feminicidio-asesinato-mujer.jpg","jetpack_sharing_enabled":true,"_links":{"self":[{"href":"https:\/\/zonaroja.com.mx\/index.php?rest_route=\/wp\/v2\/posts\/79237","targetHints":{"allow":["GET"]}}],"collection":[{"href":"https:\/\/zonaroja.com.mx\/index.php?rest_route=\/wp\/v2\/posts"}],"about":[{"href":"https:\/\/zonaroja.com.mx\/index.php?rest_route=\/wp\/v2\/types\/post"}],"author":[{"embeddable":true,"href":"https:\/\/zonaroja.com.mx\/index.php?rest_route=\/wp\/v2\/users\/2"}],"replies":[{"embeddable":true,"href":"https:\/\/zonaroja.com.mx\/index.php?rest_route=%2Fwp%2Fv2%2Fcomments&post=79237"}],"version-history":[{"count":1,"href":"https:\/\/zonaroja.com.mx\/index.php?rest_route=\/wp\/v2\/posts\/79237\/revisions"}],"predecessor-version":[{"id":79238,"href":"https:\/\/zonaroja.com.mx\/index.php?rest_route=\/wp\/v2\/posts\/79237\/revisions\/79238"}],"wp:featuredmedia":[{"embeddable":true,"href":"https:\/\/zonaroja.com.mx\/index.php?rest_route=\/wp\/v2\/media\/74063"}],"wp:attachment":[{"href":"https:\/\/zonaroja.com.mx\/index.php?rest_route=%2Fwp%2Fv2%2Fmedia&parent=79237"}],"wp:term":[{"taxonomy":"category","embeddable":true,"href":"https:\/\/zonaroja.com.mx\/index.php?rest_route=%2Fwp%2Fv2%2Fcategories&post=79237"},{"taxonomy":"post_tag","embeddable":true,"href":"https:\/\/zonaroja.com.mx\/index.php?rest_route=%2Fwp%2Fv2%2Ftags&post=79237"}],"curies":[{"name":"wp","href":"https:\/\/api.w.org\/{rel}","templated":true}]}}