{"id":7924,"date":"2020-01-22T09:07:28","date_gmt":"2020-01-22T15:07:28","guid":{"rendered":"http:\/\/www.zonaroja.com.mx\/?p=7924"},"modified":"2020-01-22T09:07:31","modified_gmt":"2020-01-22T15:07:31","slug":"pifia-de-la-fiscalia-catea-sin-exito-casa-de-familia-de-vera-carrizal","status":"publish","type":"post","link":"https:\/\/zonaroja.com.mx\/?p=7924","title":{"rendered":"Pifia de la Fiscal\u00eda: catea sin \u00e9xito casa de familia de Vera Carrizal"},"content":{"rendered":"\n<p>Redacci\u00f3n\/Zona Roja.<\/p>\n\n\n\n<p>Oaxaca de Ju\u00e1rez, Oax., 22 de enero de\n2020.- Desesperada por la presi\u00f3n medi\u00e1tica estatal, nacional e internacional,\nla Fiscal\u00eda General del Estado de Oaxaca cate\u00f3 un domicilio de la familia Vera\nCarrizal, pero s\u00f3lo hall\u00f3 a mujeres y ni\u00f1os, a quienes atemorizaron elementos\narmados.<\/p>\n\n\n\n<p>Esta ma\u00f1ana, la familia de Juan Antonio\nVera Carrizal, se\u00f1alado por haber rociado \u00e1cido a la joven Mar\u00eda Elena R\u00edos\nOrtiz, denunciar\u00e1 los hechos intimidatorios y \u201cabuso de autoridad\u201d.<\/p>\n\n\n\n<p>Ser\u00e1n Ashlye, Guadalupe y Lisle, hijas\nde Vera Carrizal, quienes ofrecer\u00e1n una conferencia de prensa \u201cpor la violencia\nde g\u00e9nero que est\u00e1 generando el fiscal Rub\u00e9n Vasconcelos M\u00e9ndez\u201d.<\/p>\n\n\n\n<p>Tras los hechos ocurridos el 9 de\nseptiembre del a\u00f1o pasado a la joven saxofonista, \u00e9sta se\u00f1al\u00f3 al ex diputado\nlocal por el PVEM-PRI de ser el autor intelectual de la agresi\u00f3n.<\/p>\n\n\n\n<p>Apenas la semana pasada, a trav\u00e9s de un\naudio en un medio informativo, Vera Carrizal reconoci\u00f3 haber tenido una\nrelaci\u00f3n sentimental con Mar\u00eda Elena pero neg\u00f3 haber ordenado agredirla.<\/p>\n\n\n\n<p>En tanto que la familia tambi\u00e9n emiti\u00f3\nuna carta en que denunci\u00f3 acoso por parte de la Fiscal\u00eda General.<\/p>\n\n\n\n<p>El cateo a un domicilio, a\u00fan no\nespecificado el sitio, se llev\u00f3 a cabo alrededor de las cinco de la ma\u00f1ana y\nseg\u00fan los familiares fue con lujo de violencia por parte de elementos de la\nAgencia Estatal de Investigaciones.<\/p>\n","protected":false},"excerpt":{"rendered":"<p>Redacci\u00f3n\/Zona Roja. Oaxaca de Ju\u00e1rez, Oax., 22 de enero de 2020.- Desesperada por la presi\u00f3n&hellip;<\/p>\n","protected":false},"author":2,"featured_media":7925,"comment_status":"closed","ping_status":"open","sticky":false,"template":"","format":"standard","meta":{"_lmt_disableupdate":"","_lmt_disable":"","_jetpack_memberships_contains_paid_content":false,"footnotes":""},"categories":[109,47],"tags":[1144,1124],"class_list":["post-7924","post","type-post","status-publish","format-standard","has-post-thumbnail","hentry","category-minuto-a-minuto","category-zona-gris","tag-juan-antonio-vera-carrizal","tag-maria-elena-rios-ortiz"],"jetpack_featured_media_url":"https:\/\/zonaroja.com.mx\/wp-content\/uploads\/2020\/01\/Cateo-Fiscal\u00eda-Vera-Carrizal.jpg","jetpack_sharing_enabled":true,"_links":{"self":[{"href":"https:\/\/zonaroja.com.mx\/index.php?rest_route=\/wp\/v2\/posts\/7924","targetHints":{"allow":["GET"]}}],"collection":[{"href":"https:\/\/zonaroja.com.mx\/index.php?rest_route=\/wp\/v2\/posts"}],"about":[{"href":"https:\/\/zonaroja.com.mx\/index.php?rest_route=\/wp\/v2\/types\/post"}],"author":[{"embeddable":true,"href":"https:\/\/zonaroja.com.mx\/index.php?rest_route=\/wp\/v2\/users\/2"}],"replies":[{"embeddable":true,"href":"https:\/\/zonaroja.com.mx\/index.php?rest_route=%2Fwp%2Fv2%2Fcomments&post=7924"}],"version-history":[{"count":1,"href":"https:\/\/zonaroja.com.mx\/index.php?rest_route=\/wp\/v2\/posts\/7924\/revisions"}],"predecessor-version":[{"id":7926,"href":"https:\/\/zonaroja.com.mx\/index.php?rest_route=\/wp\/v2\/posts\/7924\/revisions\/7926"}],"wp:featuredmedia":[{"embeddable":true,"href":"https:\/\/zonaroja.com.mx\/index.php?rest_route=\/wp\/v2\/media\/7925"}],"wp:attachment":[{"href":"https:\/\/zonaroja.com.mx\/index.php?rest_route=%2Fwp%2Fv2%2Fmedia&parent=7924"}],"wp:term":[{"taxonomy":"category","embeddable":true,"href":"https:\/\/zonaroja.com.mx\/index.php?rest_route=%2Fwp%2Fv2%2Fcategories&post=7924"},{"taxonomy":"post_tag","embeddable":true,"href":"https:\/\/zonaroja.com.mx\/index.php?rest_route=%2Fwp%2Fv2%2Ftags&post=7924"}],"curies":[{"name":"wp","href":"https:\/\/api.w.org\/{rel}","templated":true}]}}