{"id":79244,"date":"2025-04-10T10:30:00","date_gmt":"2025-04-10T16:30:00","guid":{"rendered":"https:\/\/zonaroja.com.mx\/?p=79244"},"modified":"2025-04-10T07:52:06","modified_gmt":"2025-04-10T13:52:06","slug":"avala-el-congreso-elevar-a-santa-cruz-xoxocotlan-al-rango-de-ciudad","status":"publish","type":"post","link":"https:\/\/zonaroja.com.mx\/?p=79244","title":{"rendered":"Avala el Congreso elevar a Santa Cruz Xoxocotl\u00e1n al rango de ciudad"},"content":{"rendered":"\n<p>Redacci\u00f3n\/Zona Roja.&nbsp;<\/p>\n\n\n\n<p>Oaxaca de Ju\u00e1rez, Oa., a 10 de abril de 2025. En sesi\u00f3n extraordinaria celebrada este mi\u00e9rcoles, la Sexag\u00e9sima Sexta Legislatura del Congreso del Estado aprob\u00f3 elevar a rango de ciudad a Santa Cruz Xoxocotl\u00e1n, tras la solicitud presentada por dicho municipio por conducto de su presidenta, Nancy Ben\u00edtez Z\u00e1rate.<\/p>\n\n\n\n<p>Con 31 votos a favor, la solicitud cumpli\u00f3 con los requisitos exigidos por la ley para la elevaci\u00f3n pol\u00edtica de pueblo a ciudad, un hecho trascendental en la vida pol\u00edtica y administrativa de las y los ciudadanos de Santa Cruz Xoxocotl\u00e1n.<\/p>\n\n\n\n<p>El planteamiento reconoce las caracter\u00edsticas de esta localidad, aleda\u00f1a a la capital oaxaque\u00f1a, y representa un acto de justicia y reconocimiento al pueblo de Xoxocotl\u00e1n.<\/p>\n\n\n\n<p>Al respecto, el diputado y presidente de la Comisi\u00f3n Permanente de Gobierno y Asuntos Agrarios, Mauro Cruz S\u00e1nchez, afirm\u00f3 que se mantiene el respeto a la composici\u00f3n social y la organizaci\u00f3n pol\u00edtica de cada localidad, particularmente de aquellas consideradas como comunidades ind\u00edgenas y\/o afromexicanas.<\/p>\n\n\n\n<p>Por su parte, la presidenta municipal de Santa Cruz Xoxocotl\u00e1n, acompa\u00f1ada por integrantes de su Cabildo, agradeci\u00f3 el respaldo de las diputadas y diputados a esta iniciativa presentada a trav\u00e9s de la Comisi\u00f3n de Gobierno. \u201cPara nosotros es muy importante este hecho. Contamos con todas las caracter\u00edsticas y por eso se logr\u00f3. Ya es una realidad\u201d, expres\u00f3.<\/p>\n\n\n\n<p>Cabe se\u00f1alar que Santa Cruz Xoxocotl\u00e1n cuenta con m\u00e1s de 100 mil habitantes, siendo uno de los municipios m\u00e1s grandes del estado de Oaxaca, y ahora ser\u00e1 llamado Ciudad de Santa Cruz Xoxocotl\u00e1n.<\/p>\n\n\n\n<figure class=\"wp-block-embed is-type-rich is-provider-twitter wp-block-embed-twitter\"><div class=\"wp-block-embed__wrapper\">\n<div class=\"twitter-tweet\"><blockquote class=\"twitter-tweet\" data-lang=\"es\"><p lang=\"es\" dir=\"ltr\">En sesi\u00f3n extraordinaria, el pleno del <a href=\"https:\/\/twitter.com\/CongresoOaxaca_?ref_src=twsrc%5Etfw\">@CongresoOaxaca_<\/a> aprob\u00f3 hoy elevar a la categor\u00eda de ciudad al municipio de Santa Cruz Xoxocotl\u00e1n.<br><br>Tras ello, en entrevista, la presidenta municipal <a href=\"https:\/\/twitter.com\/Nancy_Benitez_?ref_src=twsrc%5Etfw\">@Nancy_Benitez_<\/a> agradeci\u00f3 el respaldo del Poder Legislativo. <a href=\"https:\/\/t.co\/0NvFNholef\">pic.twitter.com\/0NvFNholef<\/a><\/p>&mdash; Zona Roja Oaxaca (@ZonaRoja_Oaxaca) <a href=\"https:\/\/twitter.com\/ZonaRoja_Oaxaca\/status\/1910046426861851010?ref_src=twsrc%5Etfw\">9 de abril de 2025<\/a><\/blockquote><\/div>\n<\/div><\/figure>\n","protected":false},"excerpt":{"rendered":"<p>Redacci\u00f3n\/Zona Roja.&nbsp; Oaxaca de Ju\u00e1rez, Oa., a 10 de abril de 2025. En sesi\u00f3n extraordinaria&hellip;<\/p>\n","protected":false},"author":2,"featured_media":79245,"comment_status":"closed","ping_status":"open","sticky":false,"template":"","format":"standard","meta":{"_lmt_disableupdate":"","_lmt_disable":"","_jetpack_memberships_contains_paid_content":false,"footnotes":""},"categories":[109,46],"tags":[133],"class_list":["post-79244","post","type-post","status-publish","format-standard","has-post-thumbnail","hentry","category-minuto-a-minuto","category-zona-blanca","tag-santa-cruz-xoxocotlan"],"jetpack_featured_media_url":"https:\/\/zonaroja.com.mx\/wp-content\/uploads\/2025\/04\/Xoxocotlan-elevacion-a-ciudad-2.jpeg","jetpack_sharing_enabled":true,"_links":{"self":[{"href":"https:\/\/zonaroja.com.mx\/index.php?rest_route=\/wp\/v2\/posts\/79244","targetHints":{"allow":["GET"]}}],"collection":[{"href":"https:\/\/zonaroja.com.mx\/index.php?rest_route=\/wp\/v2\/posts"}],"about":[{"href":"https:\/\/zonaroja.com.mx\/index.php?rest_route=\/wp\/v2\/types\/post"}],"author":[{"embeddable":true,"href":"https:\/\/zonaroja.com.mx\/index.php?rest_route=\/wp\/v2\/users\/2"}],"replies":[{"embeddable":true,"href":"https:\/\/zonaroja.com.mx\/index.php?rest_route=%2Fwp%2Fv2%2Fcomments&post=79244"}],"version-history":[{"count":1,"href":"https:\/\/zonaroja.com.mx\/index.php?rest_route=\/wp\/v2\/posts\/79244\/revisions"}],"predecessor-version":[{"id":79246,"href":"https:\/\/zonaroja.com.mx\/index.php?rest_route=\/wp\/v2\/posts\/79244\/revisions\/79246"}],"wp:featuredmedia":[{"embeddable":true,"href":"https:\/\/zonaroja.com.mx\/index.php?rest_route=\/wp\/v2\/media\/79245"}],"wp:attachment":[{"href":"https:\/\/zonaroja.com.mx\/index.php?rest_route=%2Fwp%2Fv2%2Fmedia&parent=79244"}],"wp:term":[{"taxonomy":"category","embeddable":true,"href":"https:\/\/zonaroja.com.mx\/index.php?rest_route=%2Fwp%2Fv2%2Fcategories&post=79244"},{"taxonomy":"post_tag","embeddable":true,"href":"https:\/\/zonaroja.com.mx\/index.php?rest_route=%2Fwp%2Fv2%2Ftags&post=79244"}],"curies":[{"name":"wp","href":"https:\/\/api.w.org\/{rel}","templated":true}]}}