{"id":79259,"date":"2025-04-10T22:09:33","date_gmt":"2025-04-11T04:09:33","guid":{"rendered":"https:\/\/zonaroja.com.mx\/?p=79259"},"modified":"2025-04-10T22:09:35","modified_gmt":"2025-04-11T04:09:35","slug":"oaxaca-sede-nacional-del-inicio-del-operativo-vacacional-semana-santa-2025","status":"publish","type":"post","link":"https:\/\/zonaroja.com.mx\/?p=79259","title":{"rendered":"Oaxaca, sede nacional del inicio del Operativo Vacacional Semana Santa 2025"},"content":{"rendered":"\n<p>Redacci\u00f3n\/Zona Roja.<\/p>\n\n\n\n<p>Oaxaca de Ju\u00e1rez, Oax., a 10 de abril de 2025.- La secretaria de Turismo federal, Josefina Rodr\u00edguez Zamora y el gobernador Salom\u00f3n Jara, acompa\u00f1ados de la secretaria Saymi Pineda y autoridades municipales, dieron el banderazo nacional al Operativo Vacacional de Semana Santa, que inicia de forma simultanea en todas las entidades del pa\u00eds.&nbsp;<\/p>\n\n\n\n<p>En este acto, que por primera vez se realiz\u00f3 en el estado de Oaxaca, el mandatario se\u00f1al\u00f3 que el objetivo es fortalecer las acciones de seguridad para garantizar el bienestar de las familias locales, nacionales y extranjeras que arribar\u00e1n a la entidad del 14 al 20 de abril.<\/p>\n\n\n\n<p>En su oportunidad, la secretaria de Turismo, Saymi Pineda Velasco asegur\u00f3 que hoy como nunca, se trabaja para reafirmar a Oaxaca como el coraz\u00f3n cultural de M\u00e9xico y un referente de turismo que genera bienestar.&nbsp;<\/p>\n\n\n\n<p>En ese sentido, precis\u00f3 que se proyecta una ocupaci\u00f3n hotelera del 78.11 por ciento, con la llegada de 119 mil turistas y una derrama econ\u00f3mica de 586 millones de pesos.<\/p>\n\n\n\n<p>Al reconocer la labor realizada por Saymi Pineda en el estado de Oaxaca, la responsable del turismo nacional, Josefina Rodr\u00edguez Zamora a\u00f1adi\u00f3 que Bah\u00edas de Huatulco est\u00e1 entre los 10 destinos con mayor ocupaci\u00f3n hotelera proyectada del pa\u00eds, toda vez que se espera sea superior al 85 por ciento.<\/p>\n\n\n\n<p>Este operativo se enmarca en la Estrategia Nacional de Seguridad que impulsa la Presidenta de M\u00e9xico, Claudia Sheinbaum y se ejecuta en coordinaci\u00f3n con el programa de Fortalecimiento de la Seguridad P\u00fablica del estado de Oaxaca.<\/p>\n\n\n\n<p>En la entidad participan 924 elementos de seguridad y 223 unidades terrestres y a\u00e9reas. As\u00ed tambi\u00e9n, se implementan diversas estrategias que refuerzan la calidad y seguridad de los servicios tur\u00edsticos, como el programa \u201cEmbajadores Tur\u00edsticos\u201d, la red de M\u00f3dulos de Informaci\u00f3n Tur\u00edstica en 12 puntos estrat\u00e9gicos de la entidad, entre otras acciones.<\/p>\n\n\n\n<figure class=\"wp-block-embed is-type-rich is-provider-twitter wp-block-embed-twitter\"><div class=\"wp-block-embed__wrapper\">\n<div class=\"twitter-tweet\"><blockquote class=\"twitter-tweet\" data-lang=\"es\"><p lang=\"es\" dir=\"ltr\">Desde Bah\u00edas de Huatulco, Oaxaca, el gobierno federal dio inicio al operativo de seguridad por la temporada vacacional de Semana Santa. <br>El acto fue encabezado esta ma\u00f1ana por el gobernador <a href=\"https:\/\/twitter.com\/salomonj?ref_src=twsrc%5Etfw\">@salomonj<\/a>, la secretaria de Turismo federal, <a href=\"https:\/\/twitter.com\/josefinarodzam?ref_src=twsrc%5Etfw\">@josefinarodzam<\/a>, y la titular de la\u2026 <a href=\"https:\/\/t.co\/eMrHYI7QAF\">pic.twitter.com\/eMrHYI7QAF<\/a><\/p>&mdash; Zona Roja Oaxaca (@ZonaRoja_Oaxaca) <a href=\"https:\/\/twitter.com\/ZonaRoja_Oaxaca\/status\/1910464500098084875?ref_src=twsrc%5Etfw\">10 de abril de 2025<\/a><\/blockquote><\/div>\n<\/div><\/figure>\n","protected":false},"excerpt":{"rendered":"<p>Redacci\u00f3n\/Zona Roja. Oaxaca de Ju\u00e1rez, Oax., a 10 de abril de 2025.- La secretaria de&hellip;<\/p>\n","protected":false},"author":2,"featured_media":79260,"comment_status":"closed","ping_status":"open","sticky":false,"template":"","format":"standard","meta":{"_lmt_disableupdate":"","_lmt_disable":"","_jetpack_memberships_contains_paid_content":false,"footnotes":""},"categories":[109,46],"tags":[939],"class_list":["post-79259","post","type-post","status-publish","format-standard","has-post-thumbnail","hentry","category-minuto-a-minuto","category-zona-blanca","tag-salomon-jara-cruz"],"jetpack_featured_media_url":"https:\/\/zonaroja.com.mx\/wp-content\/uploads\/2025\/04\/banderazo-turismo-seguridad-Huatulco.jpeg","jetpack_sharing_enabled":true,"_links":{"self":[{"href":"https:\/\/zonaroja.com.mx\/index.php?rest_route=\/wp\/v2\/posts\/79259","targetHints":{"allow":["GET"]}}],"collection":[{"href":"https:\/\/zonaroja.com.mx\/index.php?rest_route=\/wp\/v2\/posts"}],"about":[{"href":"https:\/\/zonaroja.com.mx\/index.php?rest_route=\/wp\/v2\/types\/post"}],"author":[{"embeddable":true,"href":"https:\/\/zonaroja.com.mx\/index.php?rest_route=\/wp\/v2\/users\/2"}],"replies":[{"embeddable":true,"href":"https:\/\/zonaroja.com.mx\/index.php?rest_route=%2Fwp%2Fv2%2Fcomments&post=79259"}],"version-history":[{"count":1,"href":"https:\/\/zonaroja.com.mx\/index.php?rest_route=\/wp\/v2\/posts\/79259\/revisions"}],"predecessor-version":[{"id":79261,"href":"https:\/\/zonaroja.com.mx\/index.php?rest_route=\/wp\/v2\/posts\/79259\/revisions\/79261"}],"wp:featuredmedia":[{"embeddable":true,"href":"https:\/\/zonaroja.com.mx\/index.php?rest_route=\/wp\/v2\/media\/79260"}],"wp:attachment":[{"href":"https:\/\/zonaroja.com.mx\/index.php?rest_route=%2Fwp%2Fv2%2Fmedia&parent=79259"}],"wp:term":[{"taxonomy":"category","embeddable":true,"href":"https:\/\/zonaroja.com.mx\/index.php?rest_route=%2Fwp%2Fv2%2Fcategories&post=79259"},{"taxonomy":"post_tag","embeddable":true,"href":"https:\/\/zonaroja.com.mx\/index.php?rest_route=%2Fwp%2Fv2%2Ftags&post=79259"}],"curies":[{"name":"wp","href":"https:\/\/api.w.org\/{rel}","templated":true}]}}