{"id":79263,"date":"2025-04-11T07:16:55","date_gmt":"2025-04-11T13:16:55","guid":{"rendered":"https:\/\/zonaroja.com.mx\/?p=79263"},"modified":"2025-04-11T07:16:56","modified_gmt":"2025-04-11T13:16:56","slug":"sin-pistas-sobre-reo-fugado-ayer-en-tlacolula-oaxaca","status":"publish","type":"post","link":"https:\/\/zonaroja.com.mx\/?p=79263","title":{"rendered":"Sin pistas sobre reo fugado  ayer en Tlacolula, Oaxaca"},"content":{"rendered":"\n<p>Raymundo Morales\/Zona Roja.<\/p>\n\n\n\n<p>Oaxaca de Ju\u00e1rez, Oax., a 11 de abril de 2025.- A m\u00e1s de 12 horas de la fuga y pese a operativos de b\u00fasqueda, hasta ahora no ha sido localizado el reo \u00d3scar Mario L. C., quien huy\u00f3 de una cl\u00ednica de Tlacolula de Matamoros donde recib\u00eda atenci\u00f3n m\u00e9dica.<\/p>\n\n\n\n<p>Fue ayer cuando el individuo, procesado por un homicidio de su compa\u00f1era universitaria cometido en el estado de Puebla, fue llevado a la \u201cCl\u00ednica del Valle\u201d de dicho municipio, ubicado a unos 30 kil\u00f3metros de la capital.<\/p>\n\n\n\n<p>Sin embargo, en un descuido de los polic\u00edas que lo custodiaban, se fug\u00f3 a bordo de una motocicleta que ya lo esperaba en la zona.<\/p>\n\n\n\n<p>De acuerdo con informes de la Secretar\u00eda de Seguridad y Protecci\u00f3n Ciudadana (SSPC), el sujeto se encontraba internado en el Centro de Reinserci\u00f3n Social Varonil ubicado en San Francisco Tanivet, Tlacolula.<\/p>\n\n\n\n<p>\u00d3scar Mario fue detenido el 23 de mayo de 2019, en cumplimiento de una orden de aprehensi\u00f3n por el homicidio calificado de Alexis N., una estudiante de la Universidad del Valle de Puebla, quien desapareci\u00f3 el 7 de febrero de 2016 y apareci\u00f3 muerta, el 9 de febrero de 2016.<\/p>\n\n\n\n<p>Alrededor del mediod\u00eda de ayer ocurri\u00f3 la fuga tras lo cual polic\u00edas estatales implementaron diversos operativos de b\u00fasqueda, sin \u00e9xito hasta esta ma\u00f1ana.<\/p>\n\n\n\n<p>Seg\u00fan el gobierno estatal, se inici\u00f3 tambi\u00e9n una investigaci\u00f3n para indagar si los uniformados que lo custodiaban tienen alguna responsabilidad.<\/p>\n","protected":false},"excerpt":{"rendered":"<p>Raymundo Morales\/Zona Roja. Oaxaca de Ju\u00e1rez, Oax., a 11 de abril de 2025.- A m\u00e1s&hellip;<\/p>\n","protected":false},"author":2,"featured_media":79268,"comment_status":"closed","ping_status":"open","sticky":false,"template":"","format":"standard","meta":{"_lmt_disableupdate":"","_lmt_disable":"","_jetpack_memberships_contains_paid_content":false,"footnotes":""},"categories":[109,47],"tags":[4275],"class_list":["post-79263","post","type-post","status-publish","format-standard","has-post-thumbnail","hentry","category-minuto-a-minuto","category-zona-gris","tag-oscar-mario-l-c"],"jetpack_featured_media_url":"https:\/\/zonaroja.com.mx\/wp-content\/uploads\/2025\/04\/Reo-fugado-Tanivet-Tlacolula.jpg","jetpack_sharing_enabled":true,"_links":{"self":[{"href":"https:\/\/zonaroja.com.mx\/index.php?rest_route=\/wp\/v2\/posts\/79263","targetHints":{"allow":["GET"]}}],"collection":[{"href":"https:\/\/zonaroja.com.mx\/index.php?rest_route=\/wp\/v2\/posts"}],"about":[{"href":"https:\/\/zonaroja.com.mx\/index.php?rest_route=\/wp\/v2\/types\/post"}],"author":[{"embeddable":true,"href":"https:\/\/zonaroja.com.mx\/index.php?rest_route=\/wp\/v2\/users\/2"}],"replies":[{"embeddable":true,"href":"https:\/\/zonaroja.com.mx\/index.php?rest_route=%2Fwp%2Fv2%2Fcomments&post=79263"}],"version-history":[{"count":1,"href":"https:\/\/zonaroja.com.mx\/index.php?rest_route=\/wp\/v2\/posts\/79263\/revisions"}],"predecessor-version":[{"id":79269,"href":"https:\/\/zonaroja.com.mx\/index.php?rest_route=\/wp\/v2\/posts\/79263\/revisions\/79269"}],"wp:featuredmedia":[{"embeddable":true,"href":"https:\/\/zonaroja.com.mx\/index.php?rest_route=\/wp\/v2\/media\/79268"}],"wp:attachment":[{"href":"https:\/\/zonaroja.com.mx\/index.php?rest_route=%2Fwp%2Fv2%2Fmedia&parent=79263"}],"wp:term":[{"taxonomy":"category","embeddable":true,"href":"https:\/\/zonaroja.com.mx\/index.php?rest_route=%2Fwp%2Fv2%2Fcategories&post=79263"},{"taxonomy":"post_tag","embeddable":true,"href":"https:\/\/zonaroja.com.mx\/index.php?rest_route=%2Fwp%2Fv2%2Ftags&post=79263"}],"curies":[{"name":"wp","href":"https:\/\/api.w.org\/{rel}","templated":true}]}}