{"id":79270,"date":"2025-04-11T08:00:00","date_gmt":"2025-04-11T14:00:00","guid":{"rendered":"https:\/\/zonaroja.com.mx\/?p=79270"},"modified":"2025-04-11T07:19:30","modified_gmt":"2025-04-11T13:19:30","slug":"desplome-de-helicoptero-en-nueva-york-deja-seis-muertos-era-familia-espanola","status":"publish","type":"post","link":"https:\/\/zonaroja.com.mx\/?p=79270","title":{"rendered":"Desplome de helic\u00f3ptero en Nueva York deja seis muertos; era familia espa\u00f1ola"},"content":{"rendered":"\n<p>Redacci\u00f3n\/Zona Roja Cdmx.<\/p>\n\n\n\n<p>Ciudad de M\u00e9xico, a 11 de abril de 2025.- Han fallecido una familia de 5 espa\u00f1oles y un piloto estadounidense cuando viajaban en helic\u00f3ptero realizando un viaje tur\u00edstico que sobrevolaba la ciudad de Nueva York.<\/p>\n\n\n\n<p>La Administraci\u00f3n Federal de Aviaci\u00f3n de Estados Unidos investiga este accidente que ha dejado 6 v\u00edctimas mortales. La aeronave se estrellaba en el r\u00edo Hudson cuando llevaba apenas 15 minutos de vuelo y casi 4 millas recorridas.<\/p>\n\n\n\n<p>Las im\u00e1genes publicadas por personas an\u00f3nimas que grabaron el momento accidentalmente, muestran la p\u00e9rdida de las aspas en pleno vuelo. Se encontraba en la costa de Nueva Jersey y perdi\u00f3 el control a la altura de Hoboken.<\/p>\n\n\n\n<p>La raz\u00f3n exacta del accidente todav\u00eda no ha sido revelada todav\u00eda por la AFA, cuya investigaci\u00f3n sigue su curso. Lo que s\u00ed se ha confirmado son las identidades de las v\u00edctimas.<\/p>\n\n\n\n<p>Se trata del matrimonio&nbsp;Agust\u00edn Escobar y Merce Camprubi, dos directivos de Siemens Espa\u00f1a, y sus tres hijos de 4, 5 y 11 a\u00f1os. El piloto que les llevaba en este vuelo tur\u00edstico que minutos antes sobrevol\u00f3 la Estatua de la Libertad, tambi\u00e9n falleci\u00f3.<\/p>\n\n\n\n<p>El&nbsp;Consulado de Espa\u00f1a&nbsp;ya est\u00e1 en contacto con las autoridades de la ciudad para poder dar los pasos pertinentes y prestar la asistencia que sea necesaria.<\/p>\n\n\n\n<p>(Informaci\u00f3n de People en Espa\u00f1ol)<\/p>\n","protected":false},"excerpt":{"rendered":"<p>Redacci\u00f3n\/Zona Roja Cdmx. Ciudad de M\u00e9xico, a 11 de abril de 2025.- Han fallecido una&hellip;<\/p>\n","protected":false},"author":2,"featured_media":79266,"comment_status":"closed","ping_status":"open","sticky":false,"template":"","format":"standard","meta":{"_lmt_disableupdate":"","_lmt_disable":"","_jetpack_memberships_contains_paid_content":false,"footnotes":""},"categories":[109,47],"tags":[],"class_list":["post-79270","post","type-post","status-publish","format-standard","has-post-thumbnail","hentry","category-minuto-a-minuto","category-zona-gris"],"jetpack_featured_media_url":"https:\/\/zonaroja.com.mx\/wp-content\/uploads\/2025\/04\/Helicoptero-rio-Hudson-Nueva-York.jpg.webp","jetpack_sharing_enabled":true,"_links":{"self":[{"href":"https:\/\/zonaroja.com.mx\/index.php?rest_route=\/wp\/v2\/posts\/79270","targetHints":{"allow":["GET"]}}],"collection":[{"href":"https:\/\/zonaroja.com.mx\/index.php?rest_route=\/wp\/v2\/posts"}],"about":[{"href":"https:\/\/zonaroja.com.mx\/index.php?rest_route=\/wp\/v2\/types\/post"}],"author":[{"embeddable":true,"href":"https:\/\/zonaroja.com.mx\/index.php?rest_route=\/wp\/v2\/users\/2"}],"replies":[{"embeddable":true,"href":"https:\/\/zonaroja.com.mx\/index.php?rest_route=%2Fwp%2Fv2%2Fcomments&post=79270"}],"version-history":[{"count":1,"href":"https:\/\/zonaroja.com.mx\/index.php?rest_route=\/wp\/v2\/posts\/79270\/revisions"}],"predecessor-version":[{"id":79271,"href":"https:\/\/zonaroja.com.mx\/index.php?rest_route=\/wp\/v2\/posts\/79270\/revisions\/79271"}],"wp:featuredmedia":[{"embeddable":true,"href":"https:\/\/zonaroja.com.mx\/index.php?rest_route=\/wp\/v2\/media\/79266"}],"wp:attachment":[{"href":"https:\/\/zonaroja.com.mx\/index.php?rest_route=%2Fwp%2Fv2%2Fmedia&parent=79270"}],"wp:term":[{"taxonomy":"category","embeddable":true,"href":"https:\/\/zonaroja.com.mx\/index.php?rest_route=%2Fwp%2Fv2%2Fcategories&post=79270"},{"taxonomy":"post_tag","embeddable":true,"href":"https:\/\/zonaroja.com.mx\/index.php?rest_route=%2Fwp%2Fv2%2Ftags&post=79270"}],"curies":[{"name":"wp","href":"https:\/\/api.w.org\/{rel}","templated":true}]}}