{"id":79272,"date":"2025-04-11T08:30:00","date_gmt":"2025-04-11T14:30:00","guid":{"rendered":"https:\/\/zonaroja.com.mx\/?p=79272"},"modified":"2025-04-11T07:49:16","modified_gmt":"2025-04-11T13:49:16","slug":"denuncia-sindicato-gravez-carencias-en-hospital-de-tuxtepec","status":"publish","type":"post","link":"https:\/\/zonaroja.com.mx\/?p=79272","title":{"rendered":"Denuncia sindicato gravez carencias en hospital de Tuxtepec"},"content":{"rendered":"\n<p>Redacci\u00f3n\/Estado 20.<\/p>\n\n\n\n<p>Oaxaca de Ju\u00e1rez, Oax., a 11 de abril de 2025.- La delegaci\u00f3n sindical del Hospital General de Tuxtepec, Oaxaca, denunci\u00f3 que su centro de trabajo padece de un \u00abdesabasto masivo de medicamentos\u00bb, acus\u00f3 que esto, es derivado de la falta de atenci\u00f3n del gobierno estatal y federal.<\/p>\n\n\n\n<p>A trav\u00e9s de un comunicado, los delegados adheridos al Sindicato Nacional de Trabajadores de la Secretar\u00eda de Salud (SNTSA) de la Secci\u00f3n 35, lamentaron esta crisis que limita a brindar una atenci\u00f3n de calidad y de calidez, sobre todo dijeron, porque no cuentan con la plantilla completa de personal m\u00e9dico especialista que se necesita para cubrir todos los turnos y servicios.<\/p>\n\n\n\n<p>Por lo anterior, exigieron al gobierno federal as\u00ed como al gobierno estatal, tomen cartas en el asunto y cumplan con su responsabilidad de abastecer con lo m\u00ednimo necesario para atender las necesidades del pueblo.<\/p>\n\n\n\n<p>\u00abNo es responsabilidad de las trabajadoras y trabajadores comprar medicamentos, sueros y dem\u00e1s necesidades\u00bb, condenaron.<\/p>\n\n\n\n<p>A ello se suma que, en el Hospital de Especialidades IMSS Bienestar de San Pedro Pochutla, por falta de personal en el \u00e1rea de cocina, se suspendiera el servicio de alimentos para el personal de fin de semana y de d\u00edas festivos.<\/p>\n\n\n\n<p>Ante esta situaci\u00f3n dijeron, que dan prioridad a pacientes y personal becario de acuerdo a lo establecido en las normas 001.- para residencias medicas y la norma 234.- para utilizaci\u00f3n de campos cl\u00ednicos e internado de pregrado.<\/p>\n","protected":false},"excerpt":{"rendered":"<p>Redacci\u00f3n\/Estado 20. Oaxaca de Ju\u00e1rez, Oax., a 11 de abril de 2025.- La delegaci\u00f3n sindical&hellip;<\/p>\n","protected":false},"author":2,"featured_media":79273,"comment_status":"closed","ping_status":"open","sticky":false,"template":"","format":"standard","meta":{"_lmt_disableupdate":"","_lmt_disable":"","_jetpack_memberships_contains_paid_content":false,"footnotes":""},"categories":[109,47],"tags":[1260],"class_list":["post-79272","post","type-post","status-publish","format-standard","has-post-thumbnail","hentry","category-minuto-a-minuto","category-zona-gris","tag-hospital-general-de-tuxtepec"],"jetpack_featured_media_url":"https:\/\/zonaroja.com.mx\/wp-content\/uploads\/2025\/04\/Hospital-General-de-Tuxtepec.jpg","jetpack_sharing_enabled":true,"_links":{"self":[{"href":"https:\/\/zonaroja.com.mx\/index.php?rest_route=\/wp\/v2\/posts\/79272","targetHints":{"allow":["GET"]}}],"collection":[{"href":"https:\/\/zonaroja.com.mx\/index.php?rest_route=\/wp\/v2\/posts"}],"about":[{"href":"https:\/\/zonaroja.com.mx\/index.php?rest_route=\/wp\/v2\/types\/post"}],"author":[{"embeddable":true,"href":"https:\/\/zonaroja.com.mx\/index.php?rest_route=\/wp\/v2\/users\/2"}],"replies":[{"embeddable":true,"href":"https:\/\/zonaroja.com.mx\/index.php?rest_route=%2Fwp%2Fv2%2Fcomments&post=79272"}],"version-history":[{"count":1,"href":"https:\/\/zonaroja.com.mx\/index.php?rest_route=\/wp\/v2\/posts\/79272\/revisions"}],"predecessor-version":[{"id":79274,"href":"https:\/\/zonaroja.com.mx\/index.php?rest_route=\/wp\/v2\/posts\/79272\/revisions\/79274"}],"wp:featuredmedia":[{"embeddable":true,"href":"https:\/\/zonaroja.com.mx\/index.php?rest_route=\/wp\/v2\/media\/79273"}],"wp:attachment":[{"href":"https:\/\/zonaroja.com.mx\/index.php?rest_route=%2Fwp%2Fv2%2Fmedia&parent=79272"}],"wp:term":[{"taxonomy":"category","embeddable":true,"href":"https:\/\/zonaroja.com.mx\/index.php?rest_route=%2Fwp%2Fv2%2Fcategories&post=79272"},{"taxonomy":"post_tag","embeddable":true,"href":"https:\/\/zonaroja.com.mx\/index.php?rest_route=%2Fwp%2Fv2%2Ftags&post=79272"}],"curies":[{"name":"wp","href":"https:\/\/api.w.org\/{rel}","templated":true}]}}