{"id":79281,"date":"2025-04-11T13:17:00","date_gmt":"2025-04-11T19:17:00","guid":{"rendered":"https:\/\/zonaroja.com.mx\/?p=79281"},"modified":"2025-04-11T08:21:57","modified_gmt":"2025-04-11T14:21:57","slug":"evitar-camionetotas-y-otros-lujos-demanda-sheinbaum-a-morenistas","status":"publish","type":"post","link":"https:\/\/zonaroja.com.mx\/?p=79281","title":{"rendered":"Evitar \u201ccamionetotas\u201d y otros lujos, demanda Sheinbaum a morenistas"},"content":{"rendered":"\n<p>Redacci\u00f3n\/Zona Roja Cdmx.<\/p>\n\n\n\n<p>Ciudad de M\u00e9xico, a 11 de abril de 2025.- La presidenta Claudia Sheinbaum Pardo llam\u00f3 a los militantes de Morena que aspiran a un cargo de elecci\u00f3n popular en 2027 a recordar los principios del partido, por lo que les pidi\u00f3 evitar viajes, restaurantes lujosos, ropa de marca, estar protegidos por \u201cguaruras\u201d y usar \u201ccamionetotas\u201d.<\/p>\n\n\n\n<p>En la ma\u00f1anera de ayer, a una nueva pregunta sobre presuntos actos anticipados de campa\u00f1a de la senadora morenista por Chihuahua, Andrea Ch\u00e1vez, la mandataria federal exhort\u00f3 a sus correligionarios a recordar qui\u00e9nes son y por qu\u00e9 llegaron al poder; adem\u00e1s de mantenerse en la justa median\u00eda, como postul\u00f3 Benito Ju\u00e1rez.<\/p>\n\n\n\n<p>\u201cNo es un asunto particular por nuestra compa\u00f1era senadora de Chihuahua, es en general. Soy Presidenta, pero vengo de este movimiento y de una lucha social de hace muchos a\u00f1os. Hay que recordar siempre de d\u00f3nde venimos, para no olvidar ad\u00f3nde vamos o no equivocarnos.<\/p>\n\n\n\n<p>\u201cSe trata de recordar qui\u00e9nes somos, por qu\u00e9 llegamos. No llegamos porque nos puso alguien, sino porque el pueblo de M\u00e9xico vot\u00f3 por nosotros (\u2026) No es que ya llegamos y ya se nos olvid\u00f3\u201d, puntualiz\u00f3.<\/p>\n\n\n\n<p>Inst\u00f3 a ser ejemplo y evitar el consumismo. \u201cNo es ir a restaurantes, andar viajando; el mejor ejemplo para un servidor p\u00fablico. Ni andar en camionetotas (\u2026) Todas esas cosas que cuestan car\u00edsimo, y la ropa de marca y el no s\u00e9 qu\u00e9, no. Nosotros venimos de un movimiento popular. Porque, adem\u00e1s, el pueblo en alg\u00fan momento va a decir: \u2018no, yo no vot\u00e9 por eso\u2019, porque hoy est\u00e1 m\u00e1s consciente que nunca\u201d.<\/p>\n\n\n\n<p>La mandataria record\u00f3 que pronto enviar\u00e1 una carta a la dirigencia de Morena en la que recomendar\u00e1 que se establezcan reglas con miras al proceso electoral de 2027.<\/p>\n\n\n\n<p>\u201cYa no soy la presidenta de Morena, pero cuando veo cosas que est\u00e1n pasando, como \u00e9stas, una humilde opini\u00f3n\u201d, expuso.<\/p>\n\n\n\n<p>Asegur\u00f3 que en la misiva plantear\u00e1 en especial tres puntos centrales: el primero, que se pongan reglas para todos aquellos que quieran ser candidatos a cargos de elecci\u00f3n popular, particularmente a gobernadores en 2027.<\/p>\n\n\n\n<p>El segundo punto que incluir\u00e1 en su documento, dijo, es que los militantes del movimiento de transformaci\u00f3n \u201ctenemos que comportarnos, como dec\u00eda Ju\u00e1rez, \u2018en la justa median\u00eda\u2019\u201d.<\/p>\n\n\n\n<p>El tercero, agreg\u00f3, es evitar el nepotismo. \u201cYa sali\u00f3 la reforma constitucional del nepotismo; no puede ser hijo, hermano, primo, candidato de alguien que deja un puesto de elecci\u00f3n popular. Eso qued\u00f3 hasta 2030, pero la presidenta de Morena (Luisa Alcalde) se\u00f1al\u00f3, y est\u00e1 en los estatutos, que en el caso de Morena ser\u00e1 desde 2027. Y ser\u00eda bueno que se ratificara en un Consejo Nacional que, en efecto, no habr\u00e1 hermanos, primos, sobrinos, esposas\u201d.<\/p>\n\n\n\n<p>Subray\u00f3 que el movimiento de transformaci\u00f3n es \u201cde los m\u00e1s importantes del mundo; somos referencia internacional y lo m\u00e1s importante para nuestro pueblo\u201d.<\/p>\n\n\n\n<p>(Informaci\u00f3n de \u201cLa Jornada\u201d)<\/p>\n","protected":false},"excerpt":{"rendered":"<p>Redacci\u00f3n\/Zona Roja Cdmx. Ciudad de M\u00e9xico, a 11 de abril de 2025.- La presidenta Claudia&hellip;<\/p>\n","protected":false},"author":2,"featured_media":79282,"comment_status":"closed","ping_status":"open","sticky":false,"template":"","format":"standard","meta":{"_lmt_disableupdate":"","_lmt_disable":"","_jetpack_memberships_contains_paid_content":false,"footnotes":""},"categories":[109,46],"tags":[3370],"class_list":["post-79281","post","type-post","status-publish","format-standard","has-post-thumbnail","hentry","category-minuto-a-minuto","category-zona-blanca","tag-claudia-sheinbaum"],"jetpack_featured_media_url":"https:\/\/zonaroja.com.mx\/wp-content\/uploads\/2025\/04\/Claudia-Sheinbaum-y-Morena.jpg","jetpack_sharing_enabled":true,"_links":{"self":[{"href":"https:\/\/zonaroja.com.mx\/index.php?rest_route=\/wp\/v2\/posts\/79281","targetHints":{"allow":["GET"]}}],"collection":[{"href":"https:\/\/zonaroja.com.mx\/index.php?rest_route=\/wp\/v2\/posts"}],"about":[{"href":"https:\/\/zonaroja.com.mx\/index.php?rest_route=\/wp\/v2\/types\/post"}],"author":[{"embeddable":true,"href":"https:\/\/zonaroja.com.mx\/index.php?rest_route=\/wp\/v2\/users\/2"}],"replies":[{"embeddable":true,"href":"https:\/\/zonaroja.com.mx\/index.php?rest_route=%2Fwp%2Fv2%2Fcomments&post=79281"}],"version-history":[{"count":1,"href":"https:\/\/zonaroja.com.mx\/index.php?rest_route=\/wp\/v2\/posts\/79281\/revisions"}],"predecessor-version":[{"id":79283,"href":"https:\/\/zonaroja.com.mx\/index.php?rest_route=\/wp\/v2\/posts\/79281\/revisions\/79283"}],"wp:featuredmedia":[{"embeddable":true,"href":"https:\/\/zonaroja.com.mx\/index.php?rest_route=\/wp\/v2\/media\/79282"}],"wp:attachment":[{"href":"https:\/\/zonaroja.com.mx\/index.php?rest_route=%2Fwp%2Fv2%2Fmedia&parent=79281"}],"wp:term":[{"taxonomy":"category","embeddable":true,"href":"https:\/\/zonaroja.com.mx\/index.php?rest_route=%2Fwp%2Fv2%2Fcategories&post=79281"},{"taxonomy":"post_tag","embeddable":true,"href":"https:\/\/zonaroja.com.mx\/index.php?rest_route=%2Fwp%2Fv2%2Ftags&post=79281"}],"curies":[{"name":"wp","href":"https:\/\/api.w.org\/{rel}","templated":true}]}}