{"id":79289,"date":"2025-04-11T13:00:00","date_gmt":"2025-04-11T19:00:00","guid":{"rendered":"https:\/\/zonaroja.com.mx\/?p=79289"},"modified":"2025-04-11T08:26:21","modified_gmt":"2025-04-11T14:26:21","slug":"opinion-tras-los-restos-de-nueva-alianza-oaxaca","status":"publish","type":"post","link":"https:\/\/zonaroja.com.mx\/?p=79289","title":{"rendered":"Opini\u00f3n. Tras los restos de Nueva Alianza Oaxaca"},"content":{"rendered":"\n<p>Adri\u00e1n Ortiz Romero Cuevas*<\/p>\n\n\n\n<p>Pudiera parecer incre\u00edble que hasta entre los grupos pol\u00edticos m\u00e1s testimoniales existen disputas. Es lo que ocurre con el partido Nueva Alianza en Oaxaca, en donde a pesar de no contar con representaci\u00f3n legislativa, ni con una identidad propia, ni un derrotero claro, sus militantes se encuentran metidos en una lucha intestina que no parece tener otra raz\u00f3n que la disputa por los restos mortales de ese partido.&nbsp;<\/p>\n\n\n\n<p>En efecto, el dirigente estatal Bersah\u00edn L\u00f3pez L\u00f3pez ha corrido con suerte. El partido que representa en Oaxaca hace mucho dej\u00f3 de tener una base social real en la entidad, y sin embargo ha logrado mantener sus prerrogativas. Nueva Alianza naci\u00f3 como un ap\u00e9ndice pol\u00edtico del SNTE, y pretendi\u00f3 ser articulado como un ariete magisterial en los procesos electorales. La realidad indica que tal objetivo nunca se cumpli\u00f3 en Oaxaca, porque el magisterio local ha sido disidente de su dirigencia nacional, y las fuerzas magisteriales oaxaque\u00f1as se han ido aglutinando en otras expresiones pol\u00edticas, que no necesariamente corresponden a las que se identifican con Nueva Alianza.<\/p>\n\n\n\n<p>A\u00fan as\u00ed, Nueva Alianza en Oaxaca mantuvo su registro como fuerza pol\u00edtica, administrada por L\u00f3pez L\u00f3pez, que siempre intent\u00f3 \u2014sin \u00e9xito\u2014 ser quien figurara en alguna de las posiciones de representaci\u00f3n para ese partido. No lo logr\u00f3 en las legislaturas previas sino hasta la LXV Legislatura, a trav\u00e9s de Adriana Altamirano. En un p\u00e9simo c\u00e1lculo pol\u00edtico \u2014que m\u00e1s bien pareci\u00f3 ser una rabieta\u2014, Bersah\u00edn L\u00f3pez anunci\u00f3 que no construir\u00edan ning\u00fan tipo de alianza con otros partidos para los comicios de 2022; y se autoproclam\u00f3, a trav\u00e9s de una asamblea que \u00e9l mismo conform\u00f3, como candidato a Gobernador.&nbsp;<\/p>\n\n\n\n<p>Su campa\u00f1a fue francamente intrascendente. En algunos momentos intent\u00f3 friccionarse con el entonces candidato de Morena Salom\u00f3n Jara que, aunque acus\u00f3 recibo de sus se\u00f1alamientos, decidi\u00f3 nunca responder a alguno de ellos. En el c\u00e1lculo del morenista, contestarle significar\u00eda darle visibilidad a Nueva Alianza y reconocerle a su candidato una estatura que no ten\u00eda. Obviamente en la jornada electoral arras\u00f3 Jara, y una vez convertido en gobernador se reuni\u00f3 con todo tipo de actores pol\u00edticos de oposici\u00f3n; pero nunca tuvo, y parece que ni tendr\u00e1, la disposici\u00f3n de recibir a su antiguo oponente del Partido Nueva Alianza.<\/p>\n\n\n\n<p>Esa es la ra\u00edz de muchas de las fricciones intestinas en Nueva Alianza. Bersah\u00edn se dedic\u00f3 a presionar a la entonces diputada Altamirano de diversas formas, para mantener provechos de la posici\u00f3n legislativa que hab\u00edan conseguido gracias a los m\u00e1rgenes de votaci\u00f3n logrados por sus candidatos a diputados en los comicios de 2021. Le vendi\u00f3 la falsa idea de que ella hab\u00eda llegado a ser diputada gracias a \u00e9l, y que deb\u00eda obedecer ciegamente a sus intereses. De esa actitud es de donde surgieron los se\u00f1alamientos \u2014probados ante el Tribunal Electoral de Oaxaca\u2014, de violencia pol\u00edtica, e incluso personal, ejercida por L\u00f3pez en contra de Adriana Altamirano.&nbsp;<\/p>\n\n\n\n<p>Y es que, de hecho, Bersah\u00edn no logr\u00f3 lo que Adriana Altamirano s\u00ed: interlocuci\u00f3n con el grupo en el poder, construcci\u00f3n de acuerdos y la posibilidad de espacios. La presi\u00f3n permanente del dirigente a la diputada radicaba en lograr que el Gobernador lo recibiera y negociara con \u00e9l. Al ver que esto no ocurrir\u00eda (porque es posible que ning\u00fan gobernador en los \u00faltimos tiempos haya tenido tan amplio margen de maniobra como Jara, lo cual le hace innecesario negociar), decidi\u00f3 imprimir fuerza a sus presiones. Lo probado ante el Tribunal Electoral no se invalida por los se\u00f1alamientos de que la Magistrada Presidenta es cercana \u2014comadre, de hecho\u2014 de la ahora exdiputada Altamirano. Como dice la conseja: una cosa es una cosa, y otra cosa es otra cosa\u2026&nbsp;<\/p>\n\n\n\n<p>As\u00ed, la frustraci\u00f3n se convirti\u00f3 en un conflicto personal; en un cruce de acusaciones y en diversas agresiones. En eso mismo se inscribe el supuesto atentado \u2014lleno de contradicciones e interrogantes\u2014 que sufri\u00f3 L\u00f3pez L\u00f3pez hace algunas semanas, del que inmediatamente acus\u00f3 a su ex correligionaria. Todo ello ocurri\u00f3 en los d\u00edas previos a la emisi\u00f3n de la resoluci\u00f3n del Tribunal Electoral local, por el que se probaron en su contra los actos de violencia. La respuesta fue la acusaci\u00f3n del supuesto conflicto de inter\u00e9s, y la expulsi\u00f3n del partido de la exlegisladora; ambas, cuestiones que a\u00fan no pasan por el tamiz de la legitimidad ante los tribunales.&nbsp;<\/p>\n\n\n\n<p>\u00bfQu\u00e9 se disputan hoy? Por un lado, los espacios pol\u00edticos que no tienen ni uno ni la otra; y las prerrogativas del partido, sobre las cuales tiene el control el dirigente y de las que ha hecho una forma de vida. No hay que buscarle demasiado. Al final, el pleito es por lo poco que queda de Nueva Alianza que, en los hechos, nuevamente se qued\u00f3 sin ninguna representaci\u00f3n relevante en la escena pol\u00edtica oaxaque\u00f1a.&nbsp;<\/p>\n\n\n\n<p>*Abogado y periodista.<\/p>\n\n\n\n<p>@ortizromeroc<\/p>\n\n\n\n<p>@columnaalmargen<\/p>\n\n\n\n<p>Nos leemos en:&nbsp;http:\/\/columnaalmargen.mx<\/p>\n","protected":false},"excerpt":{"rendered":"<p>Adri\u00e1n Ortiz Romero Cuevas* Pudiera parecer incre\u00edble que hasta entre los grupos pol\u00edticos m\u00e1s testimoniales&hellip;<\/p>\n","protected":false},"author":2,"featured_media":67896,"comment_status":"closed","ping_status":"open","sticky":false,"template":"","format":"standard","meta":{"_lmt_disableupdate":"","_lmt_disable":"","_jetpack_memberships_contains_paid_content":false,"footnotes":""},"categories":[456,109],"tags":[2994],"class_list":["post-79289","post","type-post","status-publish","format-standard","has-post-thumbnail","hentry","category-columna","category-minuto-a-minuto","tag-adrian-ortiz-romero-cuevas"],"jetpack_featured_media_url":"https:\/\/zonaroja.com.mx\/wp-content\/uploads\/2024\/05\/Opinion-Adrian-Ortiz-Romero-Zona-Roja.jpeg","jetpack_sharing_enabled":true,"_links":{"self":[{"href":"https:\/\/zonaroja.com.mx\/index.php?rest_route=\/wp\/v2\/posts\/79289","targetHints":{"allow":["GET"]}}],"collection":[{"href":"https:\/\/zonaroja.com.mx\/index.php?rest_route=\/wp\/v2\/posts"}],"about":[{"href":"https:\/\/zonaroja.com.mx\/index.php?rest_route=\/wp\/v2\/types\/post"}],"author":[{"embeddable":true,"href":"https:\/\/zonaroja.com.mx\/index.php?rest_route=\/wp\/v2\/users\/2"}],"replies":[{"embeddable":true,"href":"https:\/\/zonaroja.com.mx\/index.php?rest_route=%2Fwp%2Fv2%2Fcomments&post=79289"}],"version-history":[{"count":1,"href":"https:\/\/zonaroja.com.mx\/index.php?rest_route=\/wp\/v2\/posts\/79289\/revisions"}],"predecessor-version":[{"id":79290,"href":"https:\/\/zonaroja.com.mx\/index.php?rest_route=\/wp\/v2\/posts\/79289\/revisions\/79290"}],"wp:featuredmedia":[{"embeddable":true,"href":"https:\/\/zonaroja.com.mx\/index.php?rest_route=\/wp\/v2\/media\/67896"}],"wp:attachment":[{"href":"https:\/\/zonaroja.com.mx\/index.php?rest_route=%2Fwp%2Fv2%2Fmedia&parent=79289"}],"wp:term":[{"taxonomy":"category","embeddable":true,"href":"https:\/\/zonaroja.com.mx\/index.php?rest_route=%2Fwp%2Fv2%2Fcategories&post=79289"},{"taxonomy":"post_tag","embeddable":true,"href":"https:\/\/zonaroja.com.mx\/index.php?rest_route=%2Fwp%2Fv2%2Ftags&post=79289"}],"curies":[{"name":"wp","href":"https:\/\/api.w.org\/{rel}","templated":true}]}}