{"id":79302,"date":"2025-04-12T08:30:00","date_gmt":"2025-04-12T14:30:00","guid":{"rendered":"https:\/\/zonaroja.com.mx\/?p=79302"},"modified":"2025-04-12T07:14:45","modified_gmt":"2025-04-12T13:14:45","slug":"activista-levanta-huelga-contra-alejandro-murar-pero-mantiene-exigencia","status":"publish","type":"post","link":"https:\/\/zonaroja.com.mx\/?p=79302","title":{"rendered":"Activista levanta huelga contra Alejandro Murar, pero mantiene exigencia\u00a0"},"content":{"rendered":"\n<p>Ismael Garc\u00eda M.\/Zona Roja.<\/p>\n\n\n\n<p>Oaxaca de Ju\u00e1rez, Oax., a 12 de abril de 2025.- Luego de m\u00e1s de 24 horas, el dirigente de la organizaci\u00f3n social Unir Oaxaca, Efra\u00edn Solano Alin\u00e1rez, levant\u00f3 su huelga de hambre en la sede del Partido Morena.<\/p>\n\n\n\n<p>Pero la exigencia de que no se ratifique la afiliaci\u00f3n de Alejandro Murat Hinojosa continuar\u00e1 por las diversas v\u00edas legales, confirm\u00f3 el activista, tras culminar su protesta ayer despu\u00e9s del mediod\u00eda.<\/p>\n\n\n\n<p>El jueves en que instal\u00f3 su manifestaci\u00f3n, Solano Alin\u00e1rez denunci\u00f3 que \u201clos Murat son un cap\u00edtulo obscuro en la historia contempor\u00e1nea en nuestro estado, sobre todo Jos\u00e9 Murat quien gobern\u00f3 con autoritarismo pues no solo control\u00f3 a su partido, sino tambi\u00e9n a los gobiernos municipales.&nbsp;<\/p>\n\n\n\n<p>\u201c\u00c9l palomeaba a los diputados locales, federales y a los senadores de su partido. Coloc\u00f3 a su hermano Karim a manejar la obra p\u00fablica, gobern\u00f3 con delincuentes, descalific\u00f3 a opositores, control\u00f3 y corrompi\u00f3 a los medios y con quienes no lleg\u00f3 a un acuerdo econ\u00f3mico los persigui\u00f3.&nbsp;<\/p>\n\n\n\n<p>\u201cCompr\u00f3 a l\u00edderes de la oposici\u00f3n y los que no se sometieron curiosamente fueron asesinados o encarcelados injustamente como sucedi\u00f3 con una veintena de comuneros de Santo Domingo Teojomulco. Ese es el saldo del negro sexenio de Jos\u00e9 Murat. El mismo quien despu\u00e9s de una borrachera, en la resaca se invent\u00f3 el autoatentado.<\/p>\n\n\n\n<p>\u201cDoce a\u00f1os despu\u00e9s impone como gobernador a su hijo Alejandro Murat, quien naci\u00f3, creci\u00f3 y vivi\u00f3 en el Estado de M\u00e9xico y por lo tanto sin arraigo en Oaxaca\u201d.<\/p>\n\n\n\n<p>Consider\u00f3 que el gobierno del ex priista fue gris, racista e insensible a los cientos de conflictos sociales en las ocho regiones del estado.<\/p>\n\n\n\n<p>Adem\u00e1s dej\u00f3 enormes deudas y sin ejecutar obras p\u00fablicas relevantes; saque\u00f3 la riqueza cultural del estado<\/p>\n\n\n\n<p>\u201cAsimismo, a Alejandro Murat se le sigue recordando por la impunidad en que dej\u00f3 el asesinato de la periodista Mar\u00eda del Sol Cruz Jarqu\u00edn, hecho sucedido el 2 de junio de 2018 en Juchit\u00e1n de Zaragoza cuando fuera comisionada por la SAl a cubrir un evento pol\u00edtico del PRI\u201d.<\/p>\n\n\n\n<p>Pese a ello, fue cobijado por el Partido Morena, que adem\u00e1s le dio una senadur\u00eda y ahora tramita su afiliaci\u00f3n formal a dicho instituto pol\u00edtico.<\/p>\n\n\n\n<p>\u201cEl movimiento encabezado por nuestra presidenta Claudia Sheinbaum es herencia de las luchas sindicales, magisteriales, de los ferrocarrileros, de los m\u00e9dicos, campesinas y de los pueblos ind\u00edgenas, del zapatismo etc\u00e9tera, luchas donde los Murat han sido enemigos hist\u00f3ricos\u201d.<\/p>\n\n\n\n<p>Por ello, demand\u00f3 a la dirigencia partidista se cancele el proceso de registro de Alejandro Ismael Murat Hinojosa y que \u201cno reciclen m\u00e1s basura pol\u00edtica\u00bb como el caso del ex mandatario.<\/p>\n","protected":false},"excerpt":{"rendered":"<p>Ismael Garc\u00eda M.\/Zona Roja. Oaxaca de Ju\u00e1rez, Oax., a 12 de abril de 2025.- Luego&hellip;<\/p>\n","protected":false},"author":2,"featured_media":79303,"comment_status":"closed","ping_status":"open","sticky":false,"template":"","format":"standard","meta":{"_lmt_disableupdate":"","_lmt_disable":"","_jetpack_memberships_contains_paid_content":false,"footnotes":""},"categories":[109,47],"tags":[1137],"class_list":["post-79302","post","type-post","status-publish","format-standard","has-post-thumbnail","hentry","category-minuto-a-minuto","category-zona-gris","tag-efrain-solano-alinarez"],"jetpack_featured_media_url":"https:\/\/zonaroja.com.mx\/wp-content\/uploads\/2025\/04\/Efrain-Solano-huelga-de-hambre-Murat.jpg","jetpack_sharing_enabled":true,"_links":{"self":[{"href":"https:\/\/zonaroja.com.mx\/index.php?rest_route=\/wp\/v2\/posts\/79302","targetHints":{"allow":["GET"]}}],"collection":[{"href":"https:\/\/zonaroja.com.mx\/index.php?rest_route=\/wp\/v2\/posts"}],"about":[{"href":"https:\/\/zonaroja.com.mx\/index.php?rest_route=\/wp\/v2\/types\/post"}],"author":[{"embeddable":true,"href":"https:\/\/zonaroja.com.mx\/index.php?rest_route=\/wp\/v2\/users\/2"}],"replies":[{"embeddable":true,"href":"https:\/\/zonaroja.com.mx\/index.php?rest_route=%2Fwp%2Fv2%2Fcomments&post=79302"}],"version-history":[{"count":1,"href":"https:\/\/zonaroja.com.mx\/index.php?rest_route=\/wp\/v2\/posts\/79302\/revisions"}],"predecessor-version":[{"id":79304,"href":"https:\/\/zonaroja.com.mx\/index.php?rest_route=\/wp\/v2\/posts\/79302\/revisions\/79304"}],"wp:featuredmedia":[{"embeddable":true,"href":"https:\/\/zonaroja.com.mx\/index.php?rest_route=\/wp\/v2\/media\/79303"}],"wp:attachment":[{"href":"https:\/\/zonaroja.com.mx\/index.php?rest_route=%2Fwp%2Fv2%2Fmedia&parent=79302"}],"wp:term":[{"taxonomy":"category","embeddable":true,"href":"https:\/\/zonaroja.com.mx\/index.php?rest_route=%2Fwp%2Fv2%2Fcategories&post=79302"},{"taxonomy":"post_tag","embeddable":true,"href":"https:\/\/zonaroja.com.mx\/index.php?rest_route=%2Fwp%2Fv2%2Ftags&post=79302"}],"curies":[{"name":"wp","href":"https:\/\/api.w.org\/{rel}","templated":true}]}}