{"id":79305,"date":"2025-04-12T09:30:00","date_gmt":"2025-04-12T15:30:00","guid":{"rendered":"https:\/\/zonaroja.com.mx\/?p=79305"},"modified":"2025-04-12T07:18:27","modified_gmt":"2025-04-12T13:18:27","slug":"por-primera-vez-tribunal-electoral-de-oaxaca-se-integra-por-mujeres","status":"publish","type":"post","link":"https:\/\/zonaroja.com.mx\/?p=79305","title":{"rendered":"Por primera vez, Tribunal Electoral de Oaxaca se integra por mujeres"},"content":{"rendered":"\n<p>Redacci\u00f3n\/Zona Roja.&nbsp;<\/p>\n\n\n\n<p>Oaxaca de Ju\u00e1rez, Oax., a 12 de abril de 2025.- En sesi\u00f3n solemne de ayer, las magistradas Gloria \u00c1ngeles Cruz L\u00f3pez y Sandra P\u00e9rez Cruz, se incorporaron formalmente al pleno del Tribunal Electoral del Estado de Oaxaca (TEEO).<\/p>\n\n\n\n<p>En la sesi\u00f3n, al que asistieron autoridades estatales, familiares, medios de comunicaci\u00f3n y personal de este \u00f3rgano jurisdiccional, la magistrada presidenta del TEEO, Elizabeth Bautista Velasco, reconoci\u00f3 a las nuevas integrantes, como unas mujeres talentosas con una gran trayectoria en el \u00e1mbito electoral.<\/p>\n\n\n\n<p>\u201cSin duda, vamos en conjunto a fortalecer los derechos pol\u00edtico-electorales de todos los oaxaque\u00f1os\u201d, sostuvo.<\/p>\n\n\n\n<p>Las magistradas, tambi\u00e9n de origen ind\u00edgena, manifestaron su compromiso para actuar de manera justa y transparente; recordaron que fue en este Tribunal en donde iniciaron su ejercicio electoral.<\/p>\n\n\n\n<p>Sandra P\u00e9rez Cruz, quien fue abogada comunitaria, dijo estar convencida que desde este organismo se debe velar por el cumplimiento del principio democr\u00e1tico, ya que todo poder p\u00fablico emana del pueblo y se instituye para beneficio del mismo.<\/p>\n\n\n\n<p>\u201cEstoy aqu\u00ed para velar por el cumplimiento de los ideales de justicia de todos los grupos de atenci\u00f3n prioritaria, as\u00ed como de todo aquel que en el \u00e1mbito del derecho electoral considere que fue cometida una injusticia\u201d, sostuvo.<\/p>\n\n\n\n<p>Elizabeth Bautista, Sandra P\u00e9rez y Gloria Cruz, coincidieron en que las funciones de las magistraturas son de gran relevancia, ya que reciben los medios de impugnaci\u00f3n, elaboran los proyectos de sentencia que es una tarea crucial, y estas tienen un impacto significativo en la vida de las personas.<\/p>\n\n\n\n<p>Al respecto, la magistrada Gloria \u00c1ngeles Cruz L\u00f3pez, indic\u00f3 que juzgar\u00e1 con equidad y perspectiva de derechos humanos.<\/p>\n\n\n\n<p>\u201cMe comprometo a que, desde una perspectiva de g\u00e9nero e intercultural afrontar\u00e9 los retos y problem\u00e1ticas que la ciudadan\u00eda oaxaque\u00f1a someta a mi conocimiento, y cuando hablo de perspectiva de g\u00e9nero e intercultural, quiero hacer \u00e9nfasis en que no lo digo \u00fanicamente por la t\u00e9cnica jur\u00eddica que debe acompa\u00f1ar a toda sentencia o resoluci\u00f3n, sino, tambi\u00e9n por la propia experiencia pues soy mujer ind\u00edgena zapoteca\u201d, indic\u00f3.<\/p>\n\n\n\n<p>Durante la sesi\u00f3n p\u00fablica, reiteraron sobre la importancia de que m\u00e1s mujeres sigan ocupando cargos importantes en la vida p\u00fablica.<\/p>\n\n\n\n<p>\u201cJuntas haremos del tribunal un espacio m\u00e1s fuerte, m\u00e1s sensible y m\u00e1s comprometido con Oaxaca y por la defensa de los derechos pol\u00edtico-electorales de todas las personas\u201d.<\/p>\n","protected":false},"excerpt":{"rendered":"<p>Redacci\u00f3n\/Zona Roja.&nbsp; Oaxaca de Ju\u00e1rez, Oax., a 12 de abril de 2025.- En sesi\u00f3n solemne&hellip;<\/p>\n","protected":false},"author":2,"featured_media":79306,"comment_status":"closed","ping_status":"open","sticky":false,"template":"","format":"standard","meta":{"_lmt_disableupdate":"","_lmt_disable":"","_jetpack_memberships_contains_paid_content":false,"footnotes":""},"categories":[109,46],"tags":[2235],"class_list":["post-79305","post","type-post","status-publish","format-standard","has-post-thumbnail","hentry","category-minuto-a-minuto","category-zona-blanca","tag-tribunal-electoral-del-estado-de-oaxaca-teeo"],"jetpack_featured_media_url":"https:\/\/zonaroja.com.mx\/wp-content\/uploads\/2025\/04\/Magistradas-Tribunal-Electoral-de-Oaxaca.jpg","jetpack_sharing_enabled":true,"_links":{"self":[{"href":"https:\/\/zonaroja.com.mx\/index.php?rest_route=\/wp\/v2\/posts\/79305","targetHints":{"allow":["GET"]}}],"collection":[{"href":"https:\/\/zonaroja.com.mx\/index.php?rest_route=\/wp\/v2\/posts"}],"about":[{"href":"https:\/\/zonaroja.com.mx\/index.php?rest_route=\/wp\/v2\/types\/post"}],"author":[{"embeddable":true,"href":"https:\/\/zonaroja.com.mx\/index.php?rest_route=\/wp\/v2\/users\/2"}],"replies":[{"embeddable":true,"href":"https:\/\/zonaroja.com.mx\/index.php?rest_route=%2Fwp%2Fv2%2Fcomments&post=79305"}],"version-history":[{"count":1,"href":"https:\/\/zonaroja.com.mx\/index.php?rest_route=\/wp\/v2\/posts\/79305\/revisions"}],"predecessor-version":[{"id":79307,"href":"https:\/\/zonaroja.com.mx\/index.php?rest_route=\/wp\/v2\/posts\/79305\/revisions\/79307"}],"wp:featuredmedia":[{"embeddable":true,"href":"https:\/\/zonaroja.com.mx\/index.php?rest_route=\/wp\/v2\/media\/79306"}],"wp:attachment":[{"href":"https:\/\/zonaroja.com.mx\/index.php?rest_route=%2Fwp%2Fv2%2Fmedia&parent=79305"}],"wp:term":[{"taxonomy":"category","embeddable":true,"href":"https:\/\/zonaroja.com.mx\/index.php?rest_route=%2Fwp%2Fv2%2Fcategories&post=79305"},{"taxonomy":"post_tag","embeddable":true,"href":"https:\/\/zonaroja.com.mx\/index.php?rest_route=%2Fwp%2Fv2%2Ftags&post=79305"}],"curies":[{"name":"wp","href":"https:\/\/api.w.org\/{rel}","templated":true}]}}