{"id":79314,"date":"2025-04-12T11:55:00","date_gmt":"2025-04-12T17:55:00","guid":{"rendered":"https:\/\/zonaroja.com.mx\/?p=79314"},"modified":"2025-04-12T07:57:33","modified_gmt":"2025-04-12T13:57:33","slug":"logra-fiscalia-sentencias-de-22-anos-y-de-14-anos-contra-delincuentes","status":"publish","type":"post","link":"https:\/\/zonaroja.com.mx\/?p=79314","title":{"rendered":"Logra Fiscal\u00eda sentencias de 22 a\u00f1os y de 14 a\u00f1os contra delincuentes"},"content":{"rendered":"\n<p>Redacci\u00f3n\/Zona Roja.&nbsp;<\/p>\n\n\n\n<p>Oaxaca de Ju\u00e1rez, Oax., a 12 de abril de 2025.- Las labores de investigaci\u00f3n ministerial especializada que realiza la Fiscal\u00eda General del Estado de Oaxaca (FGEO), dieron como resultado la obtenci\u00f3n de una sentencia condenatoria de 22 a\u00f1os y ocho meses de prisi\u00f3n en contra de una persona del sexo masculino identificado como S.G.R., por el delito de Lesiones Calificadas en agravio de V.A.G.M. o V.A.M, en hechos ocurridos en la regi\u00f3n de la Costa.<\/p>\n\n\n\n<p>De acuerdo con expediente penal, los hechos ocurrieron el 31 de marzo de 2002, cuando la v\u00edctima se encontraba en la comunidad de Camotinch\u00e1n del municipio de San Sebasti\u00e1n Ixcapa, distrito de Jamiltepec, lugar donde lleg\u00f3 S.G.R., y agredi\u00f3 con disparos de arma de fuego a la v\u00edctima, dej\u00e1ndolo con lesiones en diversas partes del cuerpo.<\/p>\n\n\n\n<p>Una vez que la FGEO tom\u00f3 conocimiento del caso inici\u00f3 las investigaciones a trav\u00e9s de la Vicefiscal\u00eda Regional de la Costa, lo que permiti\u00f3 la detenci\u00f3n por orden de aprehensi\u00f3n de S.G.R., quien fue presentado ante la autoridad que lo requiri\u00f3.<\/p>\n\n\n\n<p>Luego de evaluar los datos de prueba aportados por la Fiscal\u00eda de Oaxaca, el Juez que atiende la causa en audiencia, dict\u00f3 sentencia condenatoria de 22 a\u00f1os y ocho meses de prisi\u00f3n en contra de S.G.R., por su responsabilidad en la comisi\u00f3n del delito de lesiones calificadas, adem\u00e1s de imponer el pago por concepto de reparaci\u00f3n del da\u00f1o.<\/p>\n\n\n\n<p>CONTRA ABUSADOR SEXUAL<\/p>\n\n\n\n<p>&nbsp;En otro caso, la Fiscal\u00eda General obtuvo una sentencia condenatoria de 14 a\u00f1os y cuatro meses de prisi\u00f3n en contra de un hombre identificado como S.I.L.H. o I.S.L.H., por los delitos de Abuso Sexual y Tentativa de Equiparado a la Violaci\u00f3n, ocurrido en la regi\u00f3n de los Valles Centrales.<\/p>\n\n\n\n<p>De acuerdo con el expediente penal del caso, los hechos ocurrieron el 24 y 26 de mayo de 2020, cuando las v\u00edctimas (un ni\u00f1o de 11 a\u00f1os de edad y un adolescente de 13 a\u00f1os cuyas identidades est\u00e1n reservadas por ley), se encontraban en un domicilio ubicado en el fraccionamiento Jardines del Sur de Santa Cruz Xoxocotl\u00e1n, lugar donde fueron agredidos de manera sexual por el hoy sentenciado.<\/p>\n\n\n\n<p>Ante estos hechos y tras la denuncia presentada, la FGEO inici\u00f3 una exhaustiva investigaci\u00f3n a trav\u00e9s de la Fiscal\u00eda Especializada en Justicia para Ni\u00f1as, Ni\u00f1os y Adolescentes, la cual permiti\u00f3 aprehender al responsable, para despu\u00e9s presentarlo ante el Juez e iniciar su proceso legal correspondiente.<\/p>\n\n\n\n<p>En audiencia y tras evaluar los datos de prueba emanados de las investigaciones ministeriales de la Fiscal\u00eda, el Tribunal de Enjuiciamiento dict\u00f3 sentencia condenatoria de 14 a\u00f1os y cuatro meses de prisi\u00f3n en contra de S.I.L.H. o I.S.L.H., adem\u00e1s de imponer una multa econ\u00f3mica y el pago por concepto de reparaci\u00f3n del da\u00f1o en abstracto, luego de demostrar su responsabilidad en la comisi\u00f3n de los delitos de abuso sexual y tentativa de equiparado a la violaci\u00f3n.<\/p>\n","protected":false},"excerpt":{"rendered":"<p>Redacci\u00f3n\/Zona Roja.&nbsp; Oaxaca de Ju\u00e1rez, Oax., a 12 de abril de 2025.- Las labores de&hellip;<\/p>\n","protected":false},"author":2,"featured_media":71841,"comment_status":"closed","ping_status":"open","sticky":false,"template":"","format":"standard","meta":{"_lmt_disableupdate":"","_lmt_disable":"","_jetpack_memberships_contains_paid_content":false,"footnotes":""},"categories":[109,46],"tags":[494],"class_list":["post-79314","post","type-post","status-publish","format-standard","has-post-thumbnail","hentry","category-minuto-a-minuto","category-zona-blanca","tag-fiscalia-general-del-estado-de-oaxaca"],"jetpack_featured_media_url":"https:\/\/zonaroja.com.mx\/wp-content\/uploads\/2024\/08\/Fiscalia-General-del-Estado.jpg","jetpack_sharing_enabled":true,"_links":{"self":[{"href":"https:\/\/zonaroja.com.mx\/index.php?rest_route=\/wp\/v2\/posts\/79314","targetHints":{"allow":["GET"]}}],"collection":[{"href":"https:\/\/zonaroja.com.mx\/index.php?rest_route=\/wp\/v2\/posts"}],"about":[{"href":"https:\/\/zonaroja.com.mx\/index.php?rest_route=\/wp\/v2\/types\/post"}],"author":[{"embeddable":true,"href":"https:\/\/zonaroja.com.mx\/index.php?rest_route=\/wp\/v2\/users\/2"}],"replies":[{"embeddable":true,"href":"https:\/\/zonaroja.com.mx\/index.php?rest_route=%2Fwp%2Fv2%2Fcomments&post=79314"}],"version-history":[{"count":1,"href":"https:\/\/zonaroja.com.mx\/index.php?rest_route=\/wp\/v2\/posts\/79314\/revisions"}],"predecessor-version":[{"id":79315,"href":"https:\/\/zonaroja.com.mx\/index.php?rest_route=\/wp\/v2\/posts\/79314\/revisions\/79315"}],"wp:featuredmedia":[{"embeddable":true,"href":"https:\/\/zonaroja.com.mx\/index.php?rest_route=\/wp\/v2\/media\/71841"}],"wp:attachment":[{"href":"https:\/\/zonaroja.com.mx\/index.php?rest_route=%2Fwp%2Fv2%2Fmedia&parent=79314"}],"wp:term":[{"taxonomy":"category","embeddable":true,"href":"https:\/\/zonaroja.com.mx\/index.php?rest_route=%2Fwp%2Fv2%2Fcategories&post=79314"},{"taxonomy":"post_tag","embeddable":true,"href":"https:\/\/zonaroja.com.mx\/index.php?rest_route=%2Fwp%2Fv2%2Ftags&post=79314"}],"curies":[{"name":"wp","href":"https:\/\/api.w.org\/{rel}","templated":true}]}}