{"id":79323,"date":"2025-04-13T07:45:00","date_gmt":"2025-04-13T13:45:00","guid":{"rendered":"https:\/\/zonaroja.com.mx\/?p=79323"},"modified":"2025-04-13T07:15:09","modified_gmt":"2025-04-13T13:15:09","slug":"incendios-y-bloqueos-desatan-crisis-en-valle-central-de-oaxaca","status":"publish","type":"post","link":"https:\/\/zonaroja.com.mx\/?p=79323","title":{"rendered":"Incendios y bloqueos desatan crisis en Valle Central de Oaxaca"},"content":{"rendered":"\n<p>Raymundo Morales\/Zona Roja.<\/p>\n\n\n\n<p>Oaxaca de Ju\u00e1rez, Oax., a 13 de abril de 2025.- Al menos media decena de incendios forestales, algunos en segundo d\u00eda, originaron ayer diversos bloqueos en la carretera federal 190 Oaxaca-Istmo, con la finalidad de exigir que se incrementara el combate a estos siniestros.<\/p>\n\n\n\n<p>No obstante, el Gobierno del Estado precis\u00f3 que se han atendido las conflagraciones, que se originaron el viernes en el municipio de Santo Domingo Tomaltepec, y hasta ayer por la tarde una aeronave realizo 22 descargas de agua, mientras que alrededor de 300 combatientes se encuentran en la zona.<\/p>\n\n\n\n<p>El incendio en Tomaltepec se propag\u00f3 ayer a terrenos de Santa Catalina de Sena, San Fracisco Lachigol\u00f3, Santiago Ixtaltepec y partes de Tlalixtac de Cabrera; otro distinto se present\u00f3 en San Jer\u00f3nimo Tlacochahuaya.<\/p>\n\n\n\n<p>Ante lo que consideraron insuficiente apoyo, los afectados bloquearon ayer por unas horas la v\u00eda al Istmo, a la altura del crucero a Santa Cruz G\u00fcendulain; despu\u00e9s lo hicieron en inmediaciones de San Francisco Tutla, en la zona metropolitana de la capital.<\/p>\n\n\n\n<p>Y por la tarde pobladores de Ixtaltepec cerraron el paso vehicular, hasta despu\u00e9s de las 22:00 horas en el tramo carretero federal en jurisdicci\u00f3n de su comunidad, perteneciente al municipio de Teotitl\u00e1n del Valle.<\/p>\n\n\n\n<p>HAY ATENCI\u00d3N<\/p>\n\n\n\n<p>Respecto a los hechos, el gobernador Salom\u00f3n Jara Cruz dio a conocer la situaci\u00f3n, a trav\u00e9s de sus redes sociales:<\/p>\n\n\n\n<p>\u201cQuiero informarles que los trabajos por tierra y aire para liquidar el incendio forestal que afecta a Santo Domingo Tomaltepec y&nbsp; comunidades cercanas contin\u00faan.<\/p>\n\n\n\n<p>\u201cM\u00e1s de 160 brigadistas oficiales, comuneros y voluntarios est\u00e1n realizando acciones estrat\u00e9gicas, como la creaci\u00f3n y ampliaci\u00f3n de brechas cortafuego, con el objetivo de controlar la propagaci\u00f3n del fuego. Adem\u00e1s, nuestro gobierno ha destinado todos los recursos humanos y t\u00e9cnicos necesarios para hacer frente a esta emergencia.<\/p>\n\n\n\n<p>\u201cEl helic\u00f3ptero Bell UH-1H, se uni\u00f3 a las acciones de combate del incendio en Santo Domingo Tomaltepec, San Francisco Lachigol\u00f3 y localidades cercanas. Con su helibalde con capacidad de 1200 litros de agua en cada descarga, esta aeronave representa una herramienta estrat\u00e9gica por su r\u00e1pida respuesta para mitigar los efectos\u201d.<\/p>\n\n\n\n<p>APOYA HELIC\u00d3PTERO<\/p>\n\n\n\n<p>En un comunicado, el Gobierno del Estado inform\u00f3 que ayer s\u00e1bado las labores de combate del incendio forestal, iniciado en Santo Domingo Tomaltepec, se reforzaron con la incorporaci\u00f3n de una aeronave que realiz\u00f3 33 descargas de agua en los frentes activos.<\/p>\n\n\n\n<p>\u201cEn esta jornada, la aeronave permiti\u00f3 sofocar el fuego de manera m\u00e1s r\u00e1pida en varias zonas. La Comisi\u00f3n Estatal Forestal (Coesfo) reporta que, en este momento, se tiene un avance del 85 por ciento en el control de este siniestro y del 60 por ciento en su liquidaci\u00f3n\u201d, detall\u00f3.<\/p>\n\n\n\n<p>Inform\u00f3 que este helic\u00f3ptero proporcionado por la administraci\u00f3n del gobernador Salom\u00f3n Jara, tiene un contenedor con capacidad para trasladar mil 200 litros de agua, adem\u00e1s de otro equipo empleado para la extinci\u00f3n de incendios.<\/p>\n\n\n\n<p>Estas acciones se suman a las tareas que en tierra, llevan a cabo m\u00e1s de 160 brigadistas de la Coesfo, Comisi\u00f3n Nacional Forestal (Conafor), Guardia Nacional, Ej\u00e9rcito Mexicano, as\u00ed como Delegados de Paz de la Secretar\u00eda de Gobierno, personas comuneras, voluntarias y autoridades municipales.<\/p>\n\n\n\n<p>Ante las condiciones climatol\u00f3gicas, este siniestro se extendi\u00f3 a las localidades de Santa Catalina de Siena y San Francisco Lachigol\u00f3. En todas se han realizado labores de combate por parte de brigadistas oficiales.<\/p>\n","protected":false},"excerpt":{"rendered":"<p>Raymundo Morales\/Zona Roja. Oaxaca de Ju\u00e1rez, Oax., a 13 de abril de 2025.- Al menos&hellip;<\/p>\n","protected":false},"author":2,"featured_media":79324,"comment_status":"closed","ping_status":"open","sticky":false,"template":"","format":"standard","meta":{"_lmt_disableupdate":"","_lmt_disable":"","_jetpack_memberships_contains_paid_content":false,"footnotes":""},"categories":[109,47],"tags":[1256,3445],"class_list":["post-79323","post","type-post","status-publish","format-standard","has-post-thumbnail","hentry","category-minuto-a-minuto","category-zona-gris","tag-incendios-forestales-oaxaca","tag-santo-domingo-tomaltepec"],"jetpack_featured_media_url":"https:\/\/zonaroja.com.mx\/wp-content\/uploads\/2025\/04\/Incendio-forestal-Tomaltepec.jpeg","jetpack_sharing_enabled":true,"_links":{"self":[{"href":"https:\/\/zonaroja.com.mx\/index.php?rest_route=\/wp\/v2\/posts\/79323","targetHints":{"allow":["GET"]}}],"collection":[{"href":"https:\/\/zonaroja.com.mx\/index.php?rest_route=\/wp\/v2\/posts"}],"about":[{"href":"https:\/\/zonaroja.com.mx\/index.php?rest_route=\/wp\/v2\/types\/post"}],"author":[{"embeddable":true,"href":"https:\/\/zonaroja.com.mx\/index.php?rest_route=\/wp\/v2\/users\/2"}],"replies":[{"embeddable":true,"href":"https:\/\/zonaroja.com.mx\/index.php?rest_route=%2Fwp%2Fv2%2Fcomments&post=79323"}],"version-history":[{"count":1,"href":"https:\/\/zonaroja.com.mx\/index.php?rest_route=\/wp\/v2\/posts\/79323\/revisions"}],"predecessor-version":[{"id":79325,"href":"https:\/\/zonaroja.com.mx\/index.php?rest_route=\/wp\/v2\/posts\/79323\/revisions\/79325"}],"wp:featuredmedia":[{"embeddable":true,"href":"https:\/\/zonaroja.com.mx\/index.php?rest_route=\/wp\/v2\/media\/79324"}],"wp:attachment":[{"href":"https:\/\/zonaroja.com.mx\/index.php?rest_route=%2Fwp%2Fv2%2Fmedia&parent=79323"}],"wp:term":[{"taxonomy":"category","embeddable":true,"href":"https:\/\/zonaroja.com.mx\/index.php?rest_route=%2Fwp%2Fv2%2Fcategories&post=79323"},{"taxonomy":"post_tag","embeddable":true,"href":"https:\/\/zonaroja.com.mx\/index.php?rest_route=%2Fwp%2Fv2%2Ftags&post=79323"}],"curies":[{"name":"wp","href":"https:\/\/api.w.org\/{rel}","templated":true}]}}