{"id":79331,"date":"2025-04-13T10:29:00","date_gmt":"2025-04-13T16:29:00","guid":{"rendered":"https:\/\/zonaroja.com.mx\/?p=79331"},"modified":"2025-04-13T07:30:48","modified_gmt":"2025-04-13T13:30:48","slug":"inician-en-santa-cruz-xoxocotlan-operativo-semana-santa-segura","status":"publish","type":"post","link":"https:\/\/zonaroja.com.mx\/?p=79331","title":{"rendered":"Inician en Santa Cruz Xoxocotl\u00e1n operativo Semana Santa Segura"},"content":{"rendered":"\n<p>Redacci\u00f3n\/Zona Roja.&nbsp;<\/p>\n\n\n\n<p>Oaxaca de Ju\u00e1rez, Oax., a 13 de abril del 2025.- Con el firme compromiso de garantizar la protecci\u00f3n y el bienestar de las familias, as\u00ed como de visitantes, en el municipio de Santa Cruz Xoxocotl\u00e1n, el gobierno de este ayuntamiento encabezado por la edil, Nancy Ben\u00edtez Z\u00e1rate, dio el banderazo de inicio del operativo Semana Santa Segura 2025.&nbsp;&nbsp;<\/p>\n\n\n\n<p>En una estrategia coordinada con autoridades estatales, civiles y militares, la finalidad de este operativo es salvaguardar la integridad de la poblaci\u00f3n, prevenir incidentes y generar condiciones que fortalezcan la confianza en las instituciones.&nbsp;<\/p>\n\n\n\n<p>La presidenta municipal, Nancy Ben\u00edtez Z\u00e1rate, indic\u00f3 que esta temporada de Semana Santa es un tiempo de encuentro, reflexi\u00f3n y convivencia, por ello se ha desplegado un esfuerzo coordinado entre las distintas instancias para que locales y visitantes disfruten de estos d\u00edas en entorno seguro, ordenado y con atenci\u00f3n oportuna ante cualquier eventualidad.<\/p>\n\n\n\n<p>La mun\u00edcipe hizo un llamado respetuoso a todos los cuerpos de seguridad que participan en este operativo a realizar su labor con responsabilidad, compromiso y vocaci\u00f3n de servicio, para que su actuar sea con profesionalismo, empat\u00eda y pleno respeto a los derechos humanos.&nbsp;<\/p>\n\n\n\n<p>En el arranque del operativo se contempla el despliegue de los cuerpos de seguridad por puntos estrat\u00e9gicos e inmediaciones del municipio, as\u00ed como dispositivos viales para evitar congestionamientos.&nbsp;<\/p>\n\n\n\n<p>El gobierno de Santa Cruz Xoxocotl\u00e1n tambi\u00e9n llam\u00f3 a la ciudadan\u00eda a la reflexi\u00f3n para no combinar alcohol y volante durante los d\u00edas de celebraci\u00f3n y mantener la sana convivencia.&nbsp;<\/p>\n\n\n\n<p>A trav\u00e9s de estas acciones, la administraci\u00f3n que preside Nancy Ben\u00edtez Z\u00e1rate reafirma su cercan\u00eda con la ciudadan\u00eda y su compromiso con su bienestar.&nbsp;<\/p>\n\n\n\n<p>INICIA EXPOFERIA<\/p>\n\n\n\n<p>Este s\u00e1bado se inaugur\u00f3 la Expo Artesanal de Alebrijes Arrazola Semana Santa 2025, en el andador tur\u00edstico de San Antonio Arrazola, agencia municipal de Santa Cruz Xoxocotl\u00e1n.&nbsp;<\/p>\n\n\n\n<p>La exposici\u00f3n permanecer\u00e1 abierta al p\u00fablico del 12 al 26 de abril, con la participaci\u00f3n de artesanos locales dedicados a la elaboraci\u00f3n de figuras de alebrijes talladas en madera.<\/p>\n\n\n\n<p>La muestra re\u00fane a m\u00e1s de 30 talleres familiares que durante dos semanas exhiben y comercializan sus piezas artesanales, acompa\u00f1adas de demostraciones en vivo y venta de productos tradicionales.&nbsp;<\/p>\n\n\n\n<p>El evento busca fortalecer la econom\u00eda local y promover el reconocimiento cultural de esta comunidad, considerada cuna del alebrije oaxaque\u00f1o.<\/p>\n\n\n\n<p>A la apertura oficial de la expo acudieron a la comunidad la presidenta municipal de Xoxocotl\u00e1n, Nancy Ben\u00edtez Z\u00e1rate, acompa\u00f1ada de su Cabildo y de la directora del Centro Estatal de Prevenci\u00f3n Social de la Violencia y la Delincuencia con Participaci\u00f3n Ciudadana del SESESP, Vania Melo Rubio.&nbsp;<\/p>\n\n\n\n<p>Tras inaugurar la feria y realizar el corte de list\u00f3n, la mun\u00edcipe les dese\u00f3 todo el \u00e9xito en sus ventas a las y los artesanos, as\u00ed como la visita de turistas locales y extranjeros que impacte en su econom\u00eda.&nbsp;<\/p>\n\n\n\n<p>\u201cCuentan con todo nuestro apoyo. Nos sentimos muy orgullosos de tener a esta comunidad que es cuna de los alebrijes. Aqu\u00ed se realizan estas artesan\u00edas de madera que son muestra clara de un arte, una cultura e imaginaci\u00f3n que todo el pueblo tiene\u201d, resalt\u00f3 la edil.&nbsp;<\/p>\n\n\n\n<p>Cabe se\u00f1alar que la expo feria es un reflejo del esfuerzo colectivo y participan cerca de 30 talleres, pero al ser familiares, cada uno involucra a m\u00e1s de cinco personas. Adem\u00e1s de la venta de figuras, se ofrecen demostraciones de tallado y pintura, piezas de barro y comidas tradicionales del pueblo.<\/p>\n\n\n\n<p>La Expo Artesanal de Alebrijes de abril es solo una de las tres que realiza la comunidad al a\u00f1o, tambi\u00e9n se celebran durante los Lunes del Cerro y en fin de a\u00f1o, pero es la primera del calendario y la m\u00e1s esperada. \u201cVamos a estar desde las 10 de la ma\u00f1ana hasta las 6 o 7 de la tarde aproximadamente\u201d, asegura Jes\u00fas Jim\u00e9nez.&nbsp;<\/p>\n","protected":false},"excerpt":{"rendered":"<p>Redacci\u00f3n\/Zona Roja.&nbsp; Oaxaca de Ju\u00e1rez, Oax., a 13 de abril del 2025.- Con el firme&hellip;<\/p>\n","protected":false},"author":2,"featured_media":79332,"comment_status":"closed","ping_status":"open","sticky":false,"template":"","format":"standard","meta":{"_lmt_disableupdate":"","_lmt_disable":"","_jetpack_memberships_contains_paid_content":false,"footnotes":""},"categories":[109,46],"tags":[133],"class_list":["post-79331","post","type-post","status-publish","format-standard","has-post-thumbnail","hentry","category-minuto-a-minuto","category-zona-blanca","tag-santa-cruz-xoxocotlan"],"jetpack_featured_media_url":"https:\/\/zonaroja.com.mx\/wp-content\/uploads\/2025\/04\/Operativo-semana-santa-segura-Xoxo-4.jpeg","jetpack_sharing_enabled":true,"_links":{"self":[{"href":"https:\/\/zonaroja.com.mx\/index.php?rest_route=\/wp\/v2\/posts\/79331","targetHints":{"allow":["GET"]}}],"collection":[{"href":"https:\/\/zonaroja.com.mx\/index.php?rest_route=\/wp\/v2\/posts"}],"about":[{"href":"https:\/\/zonaroja.com.mx\/index.php?rest_route=\/wp\/v2\/types\/post"}],"author":[{"embeddable":true,"href":"https:\/\/zonaroja.com.mx\/index.php?rest_route=\/wp\/v2\/users\/2"}],"replies":[{"embeddable":true,"href":"https:\/\/zonaroja.com.mx\/index.php?rest_route=%2Fwp%2Fv2%2Fcomments&post=79331"}],"version-history":[{"count":1,"href":"https:\/\/zonaroja.com.mx\/index.php?rest_route=\/wp\/v2\/posts\/79331\/revisions"}],"predecessor-version":[{"id":79333,"href":"https:\/\/zonaroja.com.mx\/index.php?rest_route=\/wp\/v2\/posts\/79331\/revisions\/79333"}],"wp:featuredmedia":[{"embeddable":true,"href":"https:\/\/zonaroja.com.mx\/index.php?rest_route=\/wp\/v2\/media\/79332"}],"wp:attachment":[{"href":"https:\/\/zonaroja.com.mx\/index.php?rest_route=%2Fwp%2Fv2%2Fmedia&parent=79331"}],"wp:term":[{"taxonomy":"category","embeddable":true,"href":"https:\/\/zonaroja.com.mx\/index.php?rest_route=%2Fwp%2Fv2%2Fcategories&post=79331"},{"taxonomy":"post_tag","embeddable":true,"href":"https:\/\/zonaroja.com.mx\/index.php?rest_route=%2Fwp%2Fv2%2Ftags&post=79331"}],"curies":[{"name":"wp","href":"https:\/\/api.w.org\/{rel}","templated":true}]}}