{"id":79337,"date":"2025-04-13T07:38:27","date_gmt":"2025-04-13T13:38:27","guid":{"rendered":"https:\/\/zonaroja.com.mx\/?p=79337"},"modified":"2025-04-13T07:38:29","modified_gmt":"2025-04-13T13:38:29","slug":"aumenta-a-226-el-numero-de-muertos-en-republica-dominicana","status":"publish","type":"post","link":"https:\/\/zonaroja.com.mx\/?p=79337","title":{"rendered":"Aumenta a 226 el n\u00famero de muertos en Rep\u00fablica Dominicana"},"content":{"rendered":"\n<p>Redacci\u00f3n\/Zona Roja Cdmx.<\/p>\n\n\n\n<p>Ciudad de M\u00e9xico, a 13 de abril de 2025.- &nbsp;Autoridades de Rep\u00fablica Dominicana informaron que muri\u00f3 una mujer costarricense con lo que se elev\u00f3 a 226 el n\u00famero de v\u00edctimas mortales que caus\u00f3 el desplome del techo de una discoteca&nbsp;en la capital dominicana.<\/p>\n\n\n\n<p>El Servicio Nacional de Salud (SNS) inform\u00f3 que la paciente estaba ingresada en el Hospital Marcelino V\u00e9lez Santana, tras resultar afectada en el desplome del techo de la discoteca Jet Set.<\/p>\n\n\n\n<p>Se trata de una mujer de 41 a\u00f1os, intervenida quir\u00fargicamente el viernes, quien estaba en estado cr\u00edtico en la unidad de cuidados intensivos (UCI), dijo el organismo en un breve comunicado.<\/p>\n\n\n\n<p>El Servicio Nacional de Salud expres\u00f3 su solidaridad para con los familiares y amigos de la ciudadana costarricense.<\/p>\n\n\n\n<p>Desde la Red P\u00fablica de Servicios de Salud, el personal sanitario est\u00e1 comprometido en ofrecer las mejores atenciones a todos los afectados por la tragedia que ha enlutado al pa\u00eds\u201d, apunt\u00f3 la nota.<\/p>\n\n\n\n<p>La ma\u00f1ana de este s\u00e1bado, el ministro dominicano de Salud P\u00fablica, V\u00edctor Atallah, inform\u00f3 que el n\u00famero de fallecidos hab\u00eda pasado de 221 a 225.<\/p>\n\n\n\n<p>El funcionario dijo que esas cuatro nuevas muertes ocurrieron en centros de salud entre la noche del viernes y la madrugada de este s\u00e1bado.<\/p>\n\n\n\n<p>\u201cEl n\u00famero actual de fallecidos es de 225, pero esto podr\u00eda aumentar, esperemos que no\u201d, advirti\u00f3 Atallah en esa oportunidad.<\/p>\n\n\n\n<p>Atallah tambi\u00e9n inform\u00f3 que el Instituto de Patolog\u00eda Forense complet\u00f3 las autopsias de todos (en ese momento 225) los muertos y entreg\u00f3 los cuerpos a sus familiares. La mayor parte de sus declaraciones estuvieron dirigidas a destacar el trabajo \u201cincansable\u201d de los pat\u00f3logos y personal auxiliar a cargo de las autopsias.<\/p>\n\n\n\n<p>El siniestro tambi\u00e9n caus\u00f3 m\u00e1s de 180 personas heridas, de las que cinco han fallecido, pues tras el colapso murieron 221 personas, afirm\u00f3 Atallah y las otras cinco entre la noche de ayer y este s\u00e1bado.<\/p>\n\n\n\n<p>El techo del centro de entretenimiento se vino mientras el merenguero Rubby P\u00e9rez amenizaba una fiesta. El artista y uno de sus m\u00fasicos fallecieron en el lugar de la tragedia.<\/p>\n\n\n\n<p>(Con informaci\u00f3n de EFE en L\u00f3pez-D\u00f3riga Digital)<\/p>\n","protected":false},"excerpt":{"rendered":"<p>Redacci\u00f3n\/Zona Roja Cdmx. Ciudad de M\u00e9xico, a 13 de abril de 2025.- &nbsp;Autoridades de Rep\u00fablica&hellip;<\/p>\n","protected":false},"author":2,"featured_media":79338,"comment_status":"closed","ping_status":"open","sticky":false,"template":"","format":"standard","meta":{"_lmt_disableupdate":"","_lmt_disable":"","_jetpack_memberships_contains_paid_content":false,"footnotes":""},"categories":[109,47],"tags":[4277],"class_list":["post-79337","post","type-post","status-publish","format-standard","has-post-thumbnail","hentry","category-minuto-a-minuto","category-zona-gris","tag-republica-dominicana"],"jetpack_featured_media_url":"https:\/\/zonaroja.com.mx\/wp-content\/uploads\/2025\/04\/Desplome-techo-Republica-Dominicana.jpeg","jetpack_sharing_enabled":true,"_links":{"self":[{"href":"https:\/\/zonaroja.com.mx\/index.php?rest_route=\/wp\/v2\/posts\/79337","targetHints":{"allow":["GET"]}}],"collection":[{"href":"https:\/\/zonaroja.com.mx\/index.php?rest_route=\/wp\/v2\/posts"}],"about":[{"href":"https:\/\/zonaroja.com.mx\/index.php?rest_route=\/wp\/v2\/types\/post"}],"author":[{"embeddable":true,"href":"https:\/\/zonaroja.com.mx\/index.php?rest_route=\/wp\/v2\/users\/2"}],"replies":[{"embeddable":true,"href":"https:\/\/zonaroja.com.mx\/index.php?rest_route=%2Fwp%2Fv2%2Fcomments&post=79337"}],"version-history":[{"count":1,"href":"https:\/\/zonaroja.com.mx\/index.php?rest_route=\/wp\/v2\/posts\/79337\/revisions"}],"predecessor-version":[{"id":79339,"href":"https:\/\/zonaroja.com.mx\/index.php?rest_route=\/wp\/v2\/posts\/79337\/revisions\/79339"}],"wp:featuredmedia":[{"embeddable":true,"href":"https:\/\/zonaroja.com.mx\/index.php?rest_route=\/wp\/v2\/media\/79338"}],"wp:attachment":[{"href":"https:\/\/zonaroja.com.mx\/index.php?rest_route=%2Fwp%2Fv2%2Fmedia&parent=79337"}],"wp:term":[{"taxonomy":"category","embeddable":true,"href":"https:\/\/zonaroja.com.mx\/index.php?rest_route=%2Fwp%2Fv2%2Fcategories&post=79337"},{"taxonomy":"post_tag","embeddable":true,"href":"https:\/\/zonaroja.com.mx\/index.php?rest_route=%2Fwp%2Fv2%2Ftags&post=79337"}],"curies":[{"name":"wp","href":"https:\/\/api.w.org\/{rel}","templated":true}]}}