{"id":79340,"date":"2025-04-13T13:39:00","date_gmt":"2025-04-13T19:39:00","guid":{"rendered":"https:\/\/zonaroja.com.mx\/?p=79340"},"modified":"2025-04-13T07:40:21","modified_gmt":"2025-04-13T13:40:21","slug":"fiscalia-investiga-71-casos-de-abuso-sexual-en-5-guarderias-de-juarez","status":"publish","type":"post","link":"https:\/\/zonaroja.com.mx\/?p=79340","title":{"rendered":"Fiscal\u00eda investiga 71 casos de abuso sexual en 5 guarder\u00edas de Ju\u00e1rez"},"content":{"rendered":"\n<p>Redacci\u00f3n\/Zona Roja Cdmx.<\/p>\n\n\n\n<p>Ciudad de M\u00e9xico, a 13 de abril de 2025.- La Fiscal\u00eda Especializada de la Mujer (FEM) inform\u00f3 que existen 71 carpetas de investigaci\u00f3n por abuso sexual y maltrato contra menores que asist\u00edan a cinco diferentes guarder\u00edas en Ciudad Ju\u00e1rez, de enero a la fecha.<\/p>\n\n\n\n<p>El titular de la Fiscal\u00eda General del estado de Chihuahua, C\u00e9sar J\u00e1uregui Moreno, y Wendy Ch\u00e1vez Villanueva, fiscal especializada en Atenci\u00f3n a Mujeres V\u00edctimas del Delito por Razones de G\u00e9nero y a la Familia, detallaron que las carpetas se llevan en Ju\u00e1rez por probables abusos sexuales cometidos en dichos centros.<\/p>\n\n\n\n<p>J\u00e1uregui Moreno explic\u00f3 que se realizaron pruebas sicol\u00f3gicas y examen m\u00e9dico forense a 218 menores, de entre 2 y 6 a\u00f1os, que ten\u00edan se\u00f1ales de probable abuso o violaci\u00f3n, y en 71 de ellos se confirmaron indicios, por lo que se iniciaron igual n\u00famero de expedientes.<\/p>\n\n\n\n<p>Al principio, precis\u00f3, se abri\u00f3 una l\u00ednea de investigaci\u00f3n con posible escenario de una red de trata de personas y pornograf\u00eda infantil; pero se ha hallado que los casos entre diferentes guarder\u00edas no tienen relaci\u00f3n ni hay una red criminal detr\u00e1s de los abusos, a\u00f1adi\u00f3 el fiscal estatal.<\/p>\n\n\n\n<p>Record\u00f3 que por las decenas de abusos y maltrato, dos personas relacionadas con estos delitos est\u00e1n detenidas y dos m\u00e1s est\u00e1n acusadas y tienen orden de aprehensi\u00f3n.<\/p>\n\n\n\n<p>Cuatro de las cinco guarder\u00edas son subrogadas del Instituto Mexicano del Seguro Social y privadas, la quinta es la Estancia de Bienestar y Desarrollo Infantil (EBDI) n\u00famero 32, del Instituto de Seguridad y Servicios Sociales de los Trabajadores del Estado (Issste), por lo que la investigaci\u00f3n fue turnada a la Fiscal\u00eda Especial para los Delitos de Violencia Contra las Mujeres y Trata de Personas (Fevimtra), de la Fiscal\u00eda General de la Rep\u00fablica (FGR), por considerarse de competencia federal.<\/p>\n\n\n\n<p>El fiscal especific\u00f3 que en la guarder\u00eda Mi Mundo de Colores, se abrieron 34 expedientes tras revisiones m\u00e9dicas y sicol\u00f3gicas a 107 ni\u00f1as y ni\u00f1os.<\/p>\n\n\n\n<p>A la fecha se han imputado como probables responsables a Rosa Iveth VG y Sonia Yasm\u00edn CL, con una investigaci\u00f3n judicializada, vinculada a proceso, con medida cautelar de prisi\u00f3n preventiva y la otra pesquisa est\u00e1 en espera de fecha de audiencia inicial (por amparo).<\/p>\n\n\n\n<p>En la guarder\u00eda Loon se han hecho 53 revisiones m\u00e9dicas y sicol\u00f3gicas, se tienen 15 carpetas de investigaci\u00f3n y la probable responsable, identificada como Lourdes ZM, est\u00e1 en prisi\u00f3n preventiva.<\/p>\n\n\n\n<p>El jard\u00edn de infancia Ni\u00f1ito Jes\u00fas, ubicado en la calle Suterm de la colonia Puente Alto, cuenta con dos expedientes. En Mi Peque\u00f1o Tambor hubo revisiones m\u00e9dicas y sicol\u00f3gicas, y enfrentan dos carpetas, una investigaci\u00f3n judicializada con orden de aprehensi\u00f3n ejecutada contra Teresa Johana TR, a quien se le resolver\u00e1 su situaci\u00f3n jur\u00eddica el lunes, coment\u00f3 J\u00e1uregui.<\/p>\n\n\n\n<p>En la EBDI 32 del Issste, las v\u00edctimas tienen entre 2 y 4 a\u00f1os; ah\u00ed suman 48 las revisiones m\u00e9dicas y sicol\u00f3gicas, y se tienen 18 carpetas de investigaci\u00f3n, dos de ellas los atrajo la FGR, mientras la estancia infantil se encuentra cerrada provisionalmente.<\/p>\n\n\n\n<p>(Informaci\u00f3n de \u201cLa Jornada\u201d)<\/p>\n","protected":false},"excerpt":{"rendered":"<p>Redacci\u00f3n\/Zona Roja Cdmx. Ciudad de M\u00e9xico, a 13 de abril de 2025.- La Fiscal\u00eda Especializada&hellip;<\/p>\n","protected":false},"author":2,"featured_media":68673,"comment_status":"closed","ping_status":"open","sticky":false,"template":"","format":"standard","meta":{"_lmt_disableupdate":"","_lmt_disable":"","_jetpack_memberships_contains_paid_content":false,"footnotes":""},"categories":[109,47],"tags":[],"class_list":["post-79340","post","type-post","status-publish","format-standard","has-post-thumbnail","hentry","category-minuto-a-minuto","category-zona-gris"],"jetpack_featured_media_url":"https:\/\/zonaroja.com.mx\/wp-content\/uploads\/2024\/05\/Abuso-sexual-agresion-infantil.jpg","jetpack_sharing_enabled":true,"_links":{"self":[{"href":"https:\/\/zonaroja.com.mx\/index.php?rest_route=\/wp\/v2\/posts\/79340","targetHints":{"allow":["GET"]}}],"collection":[{"href":"https:\/\/zonaroja.com.mx\/index.php?rest_route=\/wp\/v2\/posts"}],"about":[{"href":"https:\/\/zonaroja.com.mx\/index.php?rest_route=\/wp\/v2\/types\/post"}],"author":[{"embeddable":true,"href":"https:\/\/zonaroja.com.mx\/index.php?rest_route=\/wp\/v2\/users\/2"}],"replies":[{"embeddable":true,"href":"https:\/\/zonaroja.com.mx\/index.php?rest_route=%2Fwp%2Fv2%2Fcomments&post=79340"}],"version-history":[{"count":1,"href":"https:\/\/zonaroja.com.mx\/index.php?rest_route=\/wp\/v2\/posts\/79340\/revisions"}],"predecessor-version":[{"id":79341,"href":"https:\/\/zonaroja.com.mx\/index.php?rest_route=\/wp\/v2\/posts\/79340\/revisions\/79341"}],"wp:featuredmedia":[{"embeddable":true,"href":"https:\/\/zonaroja.com.mx\/index.php?rest_route=\/wp\/v2\/media\/68673"}],"wp:attachment":[{"href":"https:\/\/zonaroja.com.mx\/index.php?rest_route=%2Fwp%2Fv2%2Fmedia&parent=79340"}],"wp:term":[{"taxonomy":"category","embeddable":true,"href":"https:\/\/zonaroja.com.mx\/index.php?rest_route=%2Fwp%2Fv2%2Fcategories&post=79340"},{"taxonomy":"post_tag","embeddable":true,"href":"https:\/\/zonaroja.com.mx\/index.php?rest_route=%2Fwp%2Fv2%2Ftags&post=79340"}],"curies":[{"name":"wp","href":"https:\/\/api.w.org\/{rel}","templated":true}]}}