{"id":79349,"date":"2025-04-13T19:56:38","date_gmt":"2025-04-14T01:56:38","guid":{"rendered":"https:\/\/zonaroja.com.mx\/?p=79349"},"modified":"2025-04-13T19:56:42","modified_gmt":"2025-04-14T01:56:42","slug":"muere-el-escritor-peruano-mario-vargas-llosa","status":"publish","type":"post","link":"https:\/\/zonaroja.com.mx\/?p=79349","title":{"rendered":"Muere el escritor peruano Mario Vargas Llosa"},"content":{"rendered":"\n<p>Redacci\u00f3n\/Zona Roja Cdmx.<\/p>\n\n\n\n<p>Ciudad de M\u00e9xico, a 13 de abril de 2025.- Mario Vargas Llosa, novelista peruano, falleci\u00f3 la tarde de este domingo a la edad de 89 a\u00f1os.&nbsp;<\/p>\n\n\n\n<p>\u00c1lvaro Vargas Llosa, hijo del ganador del premio Nobel de literatura de 2010, as\u00ed lo confirm\u00f3 en sus redes sociales.&nbsp;<\/p>\n\n\n\n<p>\u00abCon profundo dolor, hacemos p\u00fablico que nuestro padre, Mario Vargas Llosa, ha fallecido hoy en Lima, rodeado de su familia y en paz. Su partida entristecer\u00e1 a sus parientes, a sus amigos y a sus lectores alrededor del mundo, pero esperamos que encuentren consuelo, como nosotros, en el hecho de que goz\u00f3 de una vida larga, m\u00faltiple y fruct\u00edfera, y deja detr\u00e1s suyo una obra que lo sobrevivir\u00e1. Procederemos en las pr\u00f3ximas horas y d\u00edas de acuerdo con sus instrucciones. No tendr\u00e1 lugar ninguna ceremonia p\u00fablica. Nuestra madre, nuestros hijos y nosotros mismos confiamos en tener el espacio y la privacidad para despedirlo en familia y en compa\u00f1\u00eda de amigos cercanos. Sus restos, como era su voluntad, ser\u00e1n incinerados.&nbsp;\u00c1lvaro, Gonzalo y Morgana Vargas Llosa\u00bb, se lee en un comunicado compartido en redes sociales por la familia.&nbsp;<\/p>\n\n\n\n<p>PERFIL<\/p>\n\n\n\n<p>Mario Vargas Llosa naci\u00f3 el 28 de marzo de 1936 en Arequipa, Per\u00fa. Estudi\u00f3 Letras y Derecho en la Universidad Nacional Mayor de San Marcos, mientras trabajaba como redactor de noticias en Radio Central (hoy Radio Panamericana). Posteriormente, curs\u00f3 un doctorado en Filosof\u00eda y Letras en la Universidad Complutense de Madrid.<\/p>\n\n\n\n<p>Tras completar sus estudios, se instal\u00f3 en Par\u00eds, donde trabaj\u00f3 como traductor para la UNESCO en Grecia, colaborando con el escritor Julio Cort\u00e1zar. A lo largo de su trayectoria, Vargas Llosa tambi\u00e9n particip\u00f3 como columnista en medios como el diario \u201cEl Pa\u00eds\u201d (Espa\u00f1a, serie Piedra de toque) y la revista cultural \u201cLetras Libres\u201d.<\/p>\n\n\n\n<p>Su obra ha sido ampliamente reconocida. En 1975 fue nombrado miembro de la Academia Peruana de la Lengua; un a\u00f1o despu\u00e9s, fue elegido presidente del Pen Club Internacional.&nbsp;<\/p>\n\n\n\n<p>En 1994 se incorpor\u00f3 como miembro de la Real Academia Espa\u00f1ola. En 2010, recibi\u00f3 el Premio Nobel de Literatura, galard\u00f3n que reconoci\u00f3 \u00absu cartograf\u00eda de las estructuras del poder y sus afiladas im\u00e1genes de la resistencia, rebeli\u00f3n y derrota del individuo\u201d.<\/p>\n\n\n\n<p>Tambi\u00e9n fue profesor visitante y escritor residente en instituciones como el Queen Mary College, King\u2019s College, Universidad de Cambridge, Universidad de Harvard, entre otras.<\/p>\n\n\n\n<p>Particip\u00f3 como jurado en diversos cert\u00e1menes y festivales, entre ellos los Premios Casa de las Am\u00e9ricas (Cuba, 1965), el Festival de Cine Iberoamericano de Huelva (Espa\u00f1a, 1995), el Premio Miguel de Cervantes (Espa\u00f1a, 1998 y 1999), los ECHO Television &amp; Radio Awards (1998) y el Festival Internacional de Cine de San Sebasti\u00e1n (Espa\u00f1a, 2004), donde presidi\u00f3 el jurado.<\/p>\n\n\n\n<p>TRAYECTORIA LITERARIA<\/p>\n\n\n\n<p>La fama internacional de Vargas Llosa lleg\u00f3 con su primera novela, \u201cLa ciudad y los perros\u201d (1962), seguida por \u201cLa casa verde\u201d (1965), un relato experimental sobre la miseria y la violencia. En 1969 public\u00f3 \u201cConversaci\u00f3n en La Catedral\u201d, una de sus obras m\u00e1s complejas y emblem\u00e1ticas, que inicia con la c\u00e9lebre pregunta: \u201c\u00bfEn qu\u00e9 momento se hab\u00eda jodido el Per\u00fa?\u201d. En esta novela, el protagonista Zavalita, periodista y alter ego del autor, conversa durante horas con Ambrosio, su antiguo chofer, en un bar lime\u00f1o.<\/p>\n\n\n\n<p>Con estos t\u00edtulos, Vargas Llosa se consolid\u00f3 como una figura clave del llamado \u00abboom\u00bb de la literatura hispanoamericana. Su obra se caracteriza por innovaciones t\u00e9cnicas como el mon\u00f3logo interior, la fragmentaci\u00f3n temporal y la multiplicidad de voces narrativas, con un enfoque en el realismo cr\u00edtico.<\/p>\n\n\n\n<p>Actividad pol\u00edtica y obra ensay\u00edstica<\/p>\n\n\n\n<p>En 1990, Vargas Llosa se postul\u00f3 como candidato a la presidencia de Per\u00fa por la coalici\u00f3n Frente Democr\u00e1tico (Fredemo). Tras perder en segunda vuelta, regres\u00f3 a Londres y retom\u00f3 su carrera literaria.&nbsp;<\/p>\n\n\n\n<p>Ese mismo a\u00f1o public\u00f3 \u201cLa verdad de las mentiras\u201d, una recopilaci\u00f3n de ensayos sobre 25 novelas del siglo XX, cuya frase t\u00edtulo condensa su visi\u00f3n de la literatura.<\/p>\n\n\n\n<p>En 1993 adquiri\u00f3 la nacionalidad espa\u00f1ola, sin renunciar a la peruana. Un a\u00f1o despu\u00e9s, fue admitido como miembro de la Real Academia Espa\u00f1ola y recibi\u00f3 el Premio Miguel de Cervantes.&nbsp;<\/p>\n\n\n\n<p>En 1996 obtuvo el Premio Pr\u00edncipe de Asturias de las Letras. Su novela \u201cLa guerra del fin del mundo\u201d (1981) ha sido traducida a m\u00e1s de 40 idiomas.<\/p>\n\n\n\n<p>EL LEGADO<\/p>\n\n\n\n<p>La obra de Mario Vargas Llosa ha sido traducida a una amplia gama de idiomas, incluyendo franc\u00e9s, italiano, portugu\u00e9s, ingl\u00e9s, alem\u00e1n, japon\u00e9s, polaco, ruso, entre muchos otros. Su legado literario, intelectual y pol\u00edtico lo convierte en una de las figuras m\u00e1s influyentes de la literatura contempor\u00e1nea en lengua espa\u00f1ola.<\/p>\n\n\n\n<p>La muerte de Mario Vargas Llosa representa una p\u00e9rdida significativa para el mundo de las letras.<\/p>\n\n\n\n<p>(Informaci\u00f3n de \u201cEl Economista\u201d)<\/p>\n","protected":false},"excerpt":{"rendered":"<p>Redacci\u00f3n\/Zona Roja Cdmx. Ciudad de M\u00e9xico, a 13 de abril de 2025.- Mario Vargas Llosa,&hellip;<\/p>\n","protected":false},"author":2,"featured_media":79350,"comment_status":"closed","ping_status":"open","sticky":false,"template":"","format":"standard","meta":{"_lmt_disableupdate":"","_lmt_disable":"","_jetpack_memberships_contains_paid_content":false,"footnotes":""},"categories":[109,47],"tags":[4278],"class_list":["post-79349","post","type-post","status-publish","format-standard","has-post-thumbnail","hentry","category-minuto-a-minuto","category-zona-gris","tag-mario-vargas-llosa"],"jetpack_featured_media_url":"https:\/\/zonaroja.com.mx\/wp-content\/uploads\/2025\/04\/Mario-Vargas-Llosa.webp","jetpack_sharing_enabled":true,"_links":{"self":[{"href":"https:\/\/zonaroja.com.mx\/index.php?rest_route=\/wp\/v2\/posts\/79349","targetHints":{"allow":["GET"]}}],"collection":[{"href":"https:\/\/zonaroja.com.mx\/index.php?rest_route=\/wp\/v2\/posts"}],"about":[{"href":"https:\/\/zonaroja.com.mx\/index.php?rest_route=\/wp\/v2\/types\/post"}],"author":[{"embeddable":true,"href":"https:\/\/zonaroja.com.mx\/index.php?rest_route=\/wp\/v2\/users\/2"}],"replies":[{"embeddable":true,"href":"https:\/\/zonaroja.com.mx\/index.php?rest_route=%2Fwp%2Fv2%2Fcomments&post=79349"}],"version-history":[{"count":1,"href":"https:\/\/zonaroja.com.mx\/index.php?rest_route=\/wp\/v2\/posts\/79349\/revisions"}],"predecessor-version":[{"id":79351,"href":"https:\/\/zonaroja.com.mx\/index.php?rest_route=\/wp\/v2\/posts\/79349\/revisions\/79351"}],"wp:featuredmedia":[{"embeddable":true,"href":"https:\/\/zonaroja.com.mx\/index.php?rest_route=\/wp\/v2\/media\/79350"}],"wp:attachment":[{"href":"https:\/\/zonaroja.com.mx\/index.php?rest_route=%2Fwp%2Fv2%2Fmedia&parent=79349"}],"wp:term":[{"taxonomy":"category","embeddable":true,"href":"https:\/\/zonaroja.com.mx\/index.php?rest_route=%2Fwp%2Fv2%2Fcategories&post=79349"},{"taxonomy":"post_tag","embeddable":true,"href":"https:\/\/zonaroja.com.mx\/index.php?rest_route=%2Fwp%2Fv2%2Ftags&post=79349"}],"curies":[{"name":"wp","href":"https:\/\/api.w.org\/{rel}","templated":true}]}}