{"id":79355,"date":"2025-04-14T08:19:35","date_gmt":"2025-04-14T14:19:35","guid":{"rendered":"https:\/\/zonaroja.com.mx\/?p=79355"},"modified":"2025-04-14T08:38:21","modified_gmt":"2025-04-14T14:38:21","slug":"asesinan-a-una-mujer-en-la-sierra-sur-y-ejecutan-a-individuo-en-el-istmo","status":"publish","type":"post","link":"https:\/\/zonaroja.com.mx\/?p=79355","title":{"rendered":"Asesinan a una mujer en la Sierra Sur y ejecutan a individuo en el Istmo"},"content":{"rendered":"\n<p>Ismael Garc\u00eda M.\/Zona Roja.<\/p>\n\n\n\n<p>Oaxaca de Ju\u00e1rez, Oax., a 14 de abril de 2025.- Una mujer fue asesinada este domingo en San Jos\u00e9 Lachiguiri,  Miahuatl\u00e1n, municipio de la regi\u00f3n Sierra Sur de Oaxaca.<\/p>\n\n\n\n<p>Presuntamente fue su pareja quien la ultim\u00f3 con disparos de arma de fuego, en la comunidad de El Carrizal; la v\u00edctima fue identificada como Paula J. V.<\/p>\n\n\n\n<p>Hasta el momento no hay reportes de detenci\u00f3n y la Fiscal\u00eda General del Estado indaga el caso bajo los protocolos de feminicidio.<\/p>\n\n\n\n<p>EN JUCHIT\u00c1N<\/p>\n\n\n\n<p>Por otra parte, la madrugada de este lunes fue ultimada a balazos una persona del sexo fascino, en la calle Francisco I. Madero de la S\u00e9ptima Secci\u00f3n de Juchitan de Zaragoza.<\/p>\n\n\n\n<p>El hoy occiso, identificado como Aldair Vicente \u201cN\u201d, de 25 a\u00f1os de edad, circulaba a bordo de su motocicleta cuando fue acribillado por parte de sujetos desconocidos.<\/p>\n\n\n\n<p>De manera preliminar se inform\u00f3 que la v\u00edctima es hijo de un elemento de la polic\u00eda municipal de Juchit\u00e1n, lo cual no ha sido confirmado por las autoridades.<\/p>\n\n\n\n<p>Al lugar arribaron agentes de investigaci\u00f3n y peritos de la Vicefiscal\u00eda Regional del Istmo, para indagar y esclarecer el caso.<\/p>\n\n\n\n<p>EN LA CAPITAL<\/p>\n\n\n\n<p>Por otra parte, anoche se reportaron detonaciones de arma de fuego en la agencia Dolores, al norte de la ciudad de Oaxaca; a la zona arribaron elementos polic\u00edacos pero no lograron detenciones y \u00fanicamente realizaron patrullajes; no hubo reporte de v\u00edctimas.<\/p>\n\n\n\n<p>Mientras que en la madrugada de ayer en la calle de Macedonio Alcal\u00e1 esqu\u00ednala con M. Bravo, un joven de 20 a\u00f1os de edad, identificado como Antonio G. C., fue asaltado y apu\u00f1alado por sujetos desconocidos que lograron darse a la fuga; en pleno Centro Hist\u00f3rico, a escasas cuadras del palacio municipal, no hab\u00eda polic\u00edas en la zona. <\/p>\n","protected":false},"excerpt":{"rendered":"<p>Ismael Garc\u00eda M.\/Zona Roja. Oaxaca de Ju\u00e1rez, Oax., a 14 de abril de 2025.- Una&hellip;<\/p>\n","protected":false},"author":2,"featured_media":79356,"comment_status":"closed","ping_status":"open","sticky":false,"template":"","format":"standard","meta":{"_lmt_disableupdate":"","_lmt_disable":"","_jetpack_memberships_contains_paid_content":false,"footnotes":""},"categories":[109,51],"tags":[610,169],"class_list":["post-79355","post","type-post","status-publish","format-standard","has-post-thumbnail","hentry","category-minuto-a-minuto","category-zona-roja","tag-feminicidios-oaxaca","tag-miahuatlan-de-porfirio-diaz"],"jetpack_featured_media_url":"https:\/\/zonaroja.com.mx\/wp-content\/uploads\/2025\/04\/Joven-ejecutado-en-Juchitan.jpg","jetpack_sharing_enabled":true,"_links":{"self":[{"href":"https:\/\/zonaroja.com.mx\/index.php?rest_route=\/wp\/v2\/posts\/79355","targetHints":{"allow":["GET"]}}],"collection":[{"href":"https:\/\/zonaroja.com.mx\/index.php?rest_route=\/wp\/v2\/posts"}],"about":[{"href":"https:\/\/zonaroja.com.mx\/index.php?rest_route=\/wp\/v2\/types\/post"}],"author":[{"embeddable":true,"href":"https:\/\/zonaroja.com.mx\/index.php?rest_route=\/wp\/v2\/users\/2"}],"replies":[{"embeddable":true,"href":"https:\/\/zonaroja.com.mx\/index.php?rest_route=%2Fwp%2Fv2%2Fcomments&post=79355"}],"version-history":[{"count":2,"href":"https:\/\/zonaroja.com.mx\/index.php?rest_route=\/wp\/v2\/posts\/79355\/revisions"}],"predecessor-version":[{"id":79362,"href":"https:\/\/zonaroja.com.mx\/index.php?rest_route=\/wp\/v2\/posts\/79355\/revisions\/79362"}],"wp:featuredmedia":[{"embeddable":true,"href":"https:\/\/zonaroja.com.mx\/index.php?rest_route=\/wp\/v2\/media\/79356"}],"wp:attachment":[{"href":"https:\/\/zonaroja.com.mx\/index.php?rest_route=%2Fwp%2Fv2%2Fmedia&parent=79355"}],"wp:term":[{"taxonomy":"category","embeddable":true,"href":"https:\/\/zonaroja.com.mx\/index.php?rest_route=%2Fwp%2Fv2%2Fcategories&post=79355"},{"taxonomy":"post_tag","embeddable":true,"href":"https:\/\/zonaroja.com.mx\/index.php?rest_route=%2Fwp%2Fv2%2Ftags&post=79355"}],"curies":[{"name":"wp","href":"https:\/\/api.w.org\/{rel}","templated":true}]}}