{"id":7937,"date":"2020-01-22T13:51:24","date_gmt":"2020-01-22T19:51:24","guid":{"rendered":"https:\/\/www.zonaroja.com.mx\/?p=7937"},"modified":"2020-01-22T13:51:26","modified_gmt":"2020-01-22T19:51:26","slug":"acusan-a-fiscal-a-ruben-vasconcelos-de-violencia-de-genero-contra-familia-de-vera-carrizal","status":"publish","type":"post","link":"https:\/\/zonaroja.com.mx\/?p=7937","title":{"rendered":"Acusan a fiscal a Rub\u00e9n Vasconcelos de violencia de g\u00e9nero contra familia de Vera Carrizal \u00a0"},"content":{"rendered":"\n<p>Evlin Arag\u00f3n\/Zona Roja. <\/p>\n\n\n\n<p>Oaxaca de Ju\u00e1rez, 22 de enero de 2020.- Hijas del empresario y ex diputado Juan Antonio Vera Carrizal, denunciaron la violencia con la que se condujeron elementos de la Fiscal\u00eda General del Estado, a trav\u00e9s de la Agencia Estatal de Investigaciones (AEI), en el cateo fallido que realizaron esta ma\u00f1ana a domicilios para dar con el paradero de quien esta indiciado como autor intelectual del ataque de la saxofonista Mar\u00eda Elena R\u00edos Ortiz. <\/p>\n\n\n\n<p>Explicaron que la ma\u00f1ana de este mi\u00e9rcoles personal de la AEI con uso excesivo de la fuerza p\u00fablica se present\u00f3 en los domicilios de las hijas del empresario -que se encuentra pr\u00f3fugo de justicia- y sin importar que hab\u00eda menores de edad, llevaron a cabo el procedimiento sin presentar la respectiva orden emitida por un juez y violentando sus derechos como personas.<\/p>\n\n\n\n<p>\u201cSin mostrar la respectiva orden de cateo, llegaron alrededor de 30 elementos de las fuerza publica, portando armas largas como si se tratara de delincuencia organiza, las golpearon y violentaron a menores de edad. As\u00ed mismo se llevaron celulares, ipads, discos duros sin presentar ning\u00fan documento que avalara el hecho, que calificamos de robo\u201d, dijo en conferencia la abogada de las mujeres, Maribel P\u00e9rez Santaella.<\/p>\n\n\n\n<p>https:\/\/twitter.com\/mexroja\/status\/1220048709825724417?s=21<br>Por lo anterior, denunciaron la violencia de g\u00e9nero en contra de tres mujeres que no est\u00e1n imputadas ni son investigadas en el caso de Mar\u00eda Elena R\u00edos, por el contrario la ley proh\u00edbe que las penas \u2013de las personas responsables de alg\u00fan delito- trasciendan a sus familiares.Pese a lo anterior han sido v\u00edctimas de acoso, hostigamiento e incluso de tentativa de secuestro en la localidad de Huajuapan de Le\u00f3n, lo cual es de conocimiento de las autoridades.<\/p>\n\n\n\n<p><br>\u201cQuiero decirles que desde diciembre se present\u00f3 la denuncia por tentativa de secuestro y hasta el momento no se ha investigado el delito, tampoco las que tiene que ver con amenazas y hostigamiento presentadas por sus otras hijas, ante una completa omisi\u00f3n por parte de las autoridades\u201d, dijo la abogada de las mujeres.<\/p>\n\n\n\n<p><br>Indicaron que es aberrante que la fiscal\u00eda a cargo de Rub\u00e9n Vasconcelos M\u00e9ndez busque administrar justicia a Mar\u00eda Elena ejerciendo violencia de g\u00e9nero en contra de otras mujeres por lo que interpondr\u00e1n la respectiva denuncia y recurrir\u00e1n a la Secretar\u00eda de las Mujeres de Oaxaca e instancias federales para realizar el acompa\u00f1amiento del caso que se le ha salido del control al fiscal. <\/p>\n\n\n\n<p><br>\u201cEl puesto al fiscal general le ha quedado muy grande y aunque suene trillado: si no puede que renuncie, es injustificable que por querer administrar justicia a una mujer nos va a violentar a otras, no es posible que los de la AEI no hayan hecho su trabajo y las est\u00e9n persiguiendo todo el tiempo\u201d, dijo la representante legal de las ofendidas. <\/p>\n\n\n\n<p><br>Ashley Vera, hija del empresario, relat\u00f3 que fue golpeada por elementos de la Fiscal\u00eda, mientras que menores de edad fueron sometidos incluso coloc\u00e1ndoles esposas para inmovilizarlos, al momento de realizar la diligencia fallida, ya que aseguran las autoridades sab\u00edan perfectamente que su padre no se encontraba al interior del domicilio.<\/p>\n\n\n\n<p>https:\/\/twitter.com\/mexroja\/status\/1220063077179318282?s=21<br>\u201cYo tenia miedo de venir, porque s\u00e9nque me expongo a sufrir m\u00e1s ataques de parte de las propias autoridades, por ello responsabiliz\u00f3 al fiscal de Oaxaca, Rub\u00e9n Vasconcelos M\u00e9ndez, de lo que me pueda llegar a pasar a mi y a mi familia\u201d, dijo la joven antes los medios de comunicaci\u00f3n. <\/p>\n\n\n\n<p>La mujer neg\u00f3 que el fiscal se haya puesto en contacto con su familia, como lo dijo el funcionario previamente en declaraciones para este medio de comunicaci\u00f3n, a la par que detall\u00f3 a esta altura ya no cree en las autoridades de procuraci\u00f3n de justicia en el estado que violentan derechos para intentar dar resultados en algo que evidentemente se le ha salido de control, por lo que incluso pidi\u00f3 la intervenci\u00f3n del Presidente Andr\u00e9s Manuel L\u00f3pez Obrador. <\/p>\n\n\n\n<p>Ante la insistencia de la prensa, asegur\u00f3 desconocer el paradero de su padre Juan Vera Carrizal por quien dijo no van a hablar, a la par que insisti\u00f3 en que ella, sus hermanas y su madre est\u00e1n dispuestas y abiertas a colaborar con las autoridades, siempre y cuando se conduzcan en el marco de la legalidad y no mediante la violencia como lo est\u00e1n haciendo desde hace semanas la Fiscal\u00eda, al ser hostigadas y acosadas aunque no est\u00e1n indiciadas por ning\u00fan delito.<\/p>\n\n\n\n<p>As\u00ed mismo insisti\u00f3 en que el ataque de Mar\u00eda Elena puede tener otras causas, ya que su hermano, Juan Carlos R\u00edos Ortiz, cuenta con antecedentes penales por el delito de homicidio en Huajuapan de Le\u00f3n, as\u00ed como la campa\u00f1a de desprestigio en contra de su familia podr\u00eda estar orquestada por la gasolinera Anel Segura y el gasolinero C\u00edrigo cuyos establecimientos se encuentran en Tonal\u00e1 y con quien su padre comenz\u00f3 a tener conflictos empresariales. <br>https:\/\/twitter.com\/mexroja\/status\/1220031619081408513?s=21<\/p>\n","protected":false},"excerpt":{"rendered":"<p>Evlin Arag\u00f3n\/Zona Roja. Oaxaca de Ju\u00e1rez, 22 de enero de 2020.- Hijas del empresario y&hellip;<\/p>\n","protected":false},"author":2,"featured_media":7936,"comment_status":"closed","ping_status":"open","sticky":false,"template":"","format":"standard","meta":{"_lmt_disableupdate":"","_lmt_disable":"","_jetpack_memberships_contains_paid_content":false,"footnotes":""},"categories":[109,47],"tags":[1144],"class_list":["post-7937","post","type-post","status-publish","format-standard","has-post-thumbnail","hentry","category-minuto-a-minuto","category-zona-gris","tag-juan-antonio-vera-carrizal"],"jetpack_featured_media_url":"https:\/\/zonaroja.com.mx\/wp-content\/uploads\/2020\/01\/ezy-watermark_22-01-2020_01-40-02p.m..jpg","jetpack_sharing_enabled":true,"_links":{"self":[{"href":"https:\/\/zonaroja.com.mx\/index.php?rest_route=\/wp\/v2\/posts\/7937","targetHints":{"allow":["GET"]}}],"collection":[{"href":"https:\/\/zonaroja.com.mx\/index.php?rest_route=\/wp\/v2\/posts"}],"about":[{"href":"https:\/\/zonaroja.com.mx\/index.php?rest_route=\/wp\/v2\/types\/post"}],"author":[{"embeddable":true,"href":"https:\/\/zonaroja.com.mx\/index.php?rest_route=\/wp\/v2\/users\/2"}],"replies":[{"embeddable":true,"href":"https:\/\/zonaroja.com.mx\/index.php?rest_route=%2Fwp%2Fv2%2Fcomments&post=7937"}],"version-history":[{"count":1,"href":"https:\/\/zonaroja.com.mx\/index.php?rest_route=\/wp\/v2\/posts\/7937\/revisions"}],"predecessor-version":[{"id":7938,"href":"https:\/\/zonaroja.com.mx\/index.php?rest_route=\/wp\/v2\/posts\/7937\/revisions\/7938"}],"wp:featuredmedia":[{"embeddable":true,"href":"https:\/\/zonaroja.com.mx\/index.php?rest_route=\/wp\/v2\/media\/7936"}],"wp:attachment":[{"href":"https:\/\/zonaroja.com.mx\/index.php?rest_route=%2Fwp%2Fv2%2Fmedia&parent=7937"}],"wp:term":[{"taxonomy":"category","embeddable":true,"href":"https:\/\/zonaroja.com.mx\/index.php?rest_route=%2Fwp%2Fv2%2Fcategories&post=7937"},{"taxonomy":"post_tag","embeddable":true,"href":"https:\/\/zonaroja.com.mx\/index.php?rest_route=%2Fwp%2Fv2%2Ftags&post=7937"}],"curies":[{"name":"wp","href":"https:\/\/api.w.org\/{rel}","templated":true}]}}