{"id":79370,"date":"2025-04-14T13:00:00","date_gmt":"2025-04-14T19:00:00","guid":{"rendered":"https:\/\/zonaroja.com.mx\/?p=79370"},"modified":"2025-04-14T09:01:19","modified_gmt":"2025-04-14T15:01:19","slug":"cuando-inicia-la-temporada-de-huracanes-y-que-se-preve-para-mexico","status":"publish","type":"post","link":"https:\/\/zonaroja.com.mx\/?p=79370","title":{"rendered":"\u00bfCu\u00e1ndo inicia la temporada de huracanes y qu\u00e9 se prev\u00e9 para M\u00e9xico?"},"content":{"rendered":"\n<p>Redacci\u00f3n\/Zona Roja Cdmx.<\/p>\n\n\n\n<p>Ciudad de M\u00e9xico, a 14 de abril de 2025.- Durante la pr\u00f3xima temporada de huracanes, diversas zonas costeras del pa\u00eds enfrentar\u00e1n lluvias intensas, oleaje elevado y vientos sostenidos. Estas condiciones afectar\u00e1n tanto al litoral del Oc\u00e9ano Pac\u00edfico como al del Golfo de M\u00e9xico y el Mar Caribe.<\/p>\n\n\n\n<p>La Secretar\u00eda de Marina, a trav\u00e9s de su Direcci\u00f3n de Meteorolog\u00eda, present\u00f3 el pron\u00f3stico correspondiente a 2025. Este informe considera los efectos del fen\u00f3meno La Ni\u00f1a y de la oscilaci\u00f3n Madden\u2013Julian como factores determinantes.<\/p>\n\n\n\n<p>La temporada de huracanes iniciar\u00e1 el 15 de mayo en el Oc\u00e9ano Pac\u00edfico y el 1 de junio en el Oc\u00e9ano Atl\u00e1ntico. Ambos periodos concluir\u00e1n el 30 de noviembre, de acuerdo con el Centro Nacional de Huracanes (NHC) de Miami, organismo designado por la Organizaci\u00f3n Meteorol\u00f3gica Mundial para esta regi\u00f3n.<\/p>\n\n\n\n<p>Seg\u00fan el pron\u00f3stico de la Direcci\u00f3n de Meteorolog\u00eda de la Marina, en el Oc\u00e9ano Pac\u00edfico se desarrollar\u00e1n 19 ciclones tropicales, mientras que en el Atl\u00e1ntico se presentar\u00e1n 17. En total, se pronostican 36 sistemas entre depresiones, tormentas tropicales y huracanes de diferente intensidad.<\/p>\n\n\n\n<p>En el Pac\u00edfico, se espera una depresi\u00f3n tropical, ocho tormentas tropicales, seis huracanes de categor\u00eda 1 o 2 y cuatro huracanes de categor\u00eda 3, 4 o 5. Para el Atl\u00e1ntico, el pron\u00f3stico contempla dos depresiones tropicales, siete tormentas tropicales, cuatro huracanes fuertes y cuatro huracanes intensos.<\/p>\n\n\n\n<p>NOMBRES OFICIALES<\/p>\n\n\n\n<p>La lista de nombres para la temporada de huracanes 2025 fue establecida por el Centro Nacional de Huracanes (NHC) y supervisada por el comit\u00e9 internacional de la Organizaci\u00f3n Meteorol\u00f3gica Mundial (OMM). Esta lista incluye los nombres que se asignar\u00e1n a los ciclones tropicales en cuanto alcancen la categor\u00eda de tormenta tropical, tanto en el Oc\u00e9ano Pac\u00edfico nororiental como en el Oc\u00e9ano Atl\u00e1ntico.<\/p>\n\n\n\n<p>En el Pac\u00edfico nororiental, los nombres designados para 2025 son: Alvin, Barbara, Cosme, Dalila, Erick, Flossie, Gil, Henriette, Ivo, Juliette, Kiko, Lorena, Mario, Narda, Octave, Priscilla, Raymond, Sonia, Tico, Velma, Wallis, Xina, York y Zelda.<\/p>\n\n\n\n<p>Para el Oc\u00e9ano Atl\u00e1ntico, los nombres oficiales son: Andrea, Barry, Chantal, Dexter, Erin, Fernand, Gabrielle, Humberto, Imelda, Jerry, Karen, Lorenzo, Melissa, Nestor, Olga, Pablo, Rebekah, Sebastien, Tanya, Van y Wendy.<\/p>\n\n\n\n<p>EL A\u00d1O PASADO<\/p>\n\n\n\n<p>En 2024, el hurac\u00e1n John impact\u00f3 como categor\u00eda 3 en Copala, Guerrero, el 23 de septiembre a las 21:30 horas. Este evento represent\u00f3 el sistema de mayor intensidad en el litoral del Pac\u00edfico. Otros ciclones se desarrollaron sin tocar tierra, como las tormentas Aletta, Fabio e Ileana, as\u00ed como los huracanes Carlota y Kristy, este \u00faltimo de categor\u00eda 5.<\/p>\n\n\n\n<p>En el Atl\u00e1ntico, el hurac\u00e1n Beryl impact\u00f3 como categor\u00eda 2 en Tulum, Quintana Roo, el 5 de julio a las 6:00 horas. Tambi\u00e9n se registraron afectaciones en Veracruz por las tormentas Alberto y Chris. En el sureste, Nadine toc\u00f3 tierra como depresi\u00f3n tropical el 20 de octubre en Nuevo Mariscal, Chiapas, mientras que Sara lo hizo el 17 de noviembre en Arroyo Negro, Campeche.<\/p>\n\n\n\n<p>Adem\u00e1s, cuatro huracanes circularon por aguas nacionales sin tocar tierra: Francine (categor\u00eda 1), Helene (categor\u00eda 4), Milton (categor\u00eda 5) y Rafael (categor\u00eda 3).<\/p>\n\n\n\n<p>LAS PREVISIONES<\/p>\n\n\n\n<p>En mayo, se prev\u00e9 un aumento en las lluvias en las costas del Centro y Sur del Pac\u00edfico, as\u00ed como en el litoral del Golfo de M\u00e9xico. En contraste, en el noroeste del pa\u00eds se esperan precipitaciones por debajo del promedio, de acuerdo con el pron\u00f3stico del International Research Institute for Climate and Society (IRI).<\/p>\n\n\n\n<p>Para junio, las lluvias ser\u00e1n cercanas o superiores al promedio en la mayor\u00eda del territorio nacional, con excepci\u00f3n del noreste y sureste, donde se pronostica un d\u00e9ficit. En julio, se anticipa una reducci\u00f3n en las precipitaciones en la Pen\u00ednsula de Yucat\u00e1n, mientras que en el resto del pa\u00eds se mantendr\u00e1n dentro de los valores normales.<\/p>\n\n\n\n<p>Estos escenarios coinciden con la evoluci\u00f3n del fen\u00f3meno ENSO. La Secretar\u00eda de Marina indic\u00f3 que \u201cesta variabilidad clim\u00e1tica sugiere que los ciclones podr\u00edan acercarse con mayor frecuencia al territorio nacional\u201d.<\/p>\n\n\n\n<p>(Informaci\u00f3n de \u201cExpansi\u00f3n Pol\u00edtica\u201d)<\/p>\n","protected":false},"excerpt":{"rendered":"<p>Redacci\u00f3n\/Zona Roja Cdmx. Ciudad de M\u00e9xico, a 14 de abril de 2025.- Durante la pr\u00f3xima&hellip;<\/p>\n","protected":false},"author":2,"featured_media":70008,"comment_status":"closed","ping_status":"open","sticky":false,"template":"","format":"standard","meta":{"_lmt_disableupdate":"","_lmt_disable":"","_jetpack_memberships_contains_paid_content":false,"footnotes":""},"categories":[109,46],"tags":[],"class_list":["post-79370","post","type-post","status-publish","format-standard","has-post-thumbnail","hentry","category-minuto-a-minuto","category-zona-blanca"],"jetpack_featured_media_url":"https:\/\/zonaroja.com.mx\/wp-content\/uploads\/2024\/07\/Huracan-Beryl.webp","jetpack_sharing_enabled":true,"_links":{"self":[{"href":"https:\/\/zonaroja.com.mx\/index.php?rest_route=\/wp\/v2\/posts\/79370","targetHints":{"allow":["GET"]}}],"collection":[{"href":"https:\/\/zonaroja.com.mx\/index.php?rest_route=\/wp\/v2\/posts"}],"about":[{"href":"https:\/\/zonaroja.com.mx\/index.php?rest_route=\/wp\/v2\/types\/post"}],"author":[{"embeddable":true,"href":"https:\/\/zonaroja.com.mx\/index.php?rest_route=\/wp\/v2\/users\/2"}],"replies":[{"embeddable":true,"href":"https:\/\/zonaroja.com.mx\/index.php?rest_route=%2Fwp%2Fv2%2Fcomments&post=79370"}],"version-history":[{"count":1,"href":"https:\/\/zonaroja.com.mx\/index.php?rest_route=\/wp\/v2\/posts\/79370\/revisions"}],"predecessor-version":[{"id":79371,"href":"https:\/\/zonaroja.com.mx\/index.php?rest_route=\/wp\/v2\/posts\/79370\/revisions\/79371"}],"wp:featuredmedia":[{"embeddable":true,"href":"https:\/\/zonaroja.com.mx\/index.php?rest_route=\/wp\/v2\/media\/70008"}],"wp:attachment":[{"href":"https:\/\/zonaroja.com.mx\/index.php?rest_route=%2Fwp%2Fv2%2Fmedia&parent=79370"}],"wp:term":[{"taxonomy":"category","embeddable":true,"href":"https:\/\/zonaroja.com.mx\/index.php?rest_route=%2Fwp%2Fv2%2Fcategories&post=79370"},{"taxonomy":"post_tag","embeddable":true,"href":"https:\/\/zonaroja.com.mx\/index.php?rest_route=%2Fwp%2Fv2%2Ftags&post=79370"}],"curies":[{"name":"wp","href":"https:\/\/api.w.org\/{rel}","templated":true}]}}