{"id":79379,"date":"2025-04-14T21:13:01","date_gmt":"2025-04-15T03:13:01","guid":{"rendered":"https:\/\/zonaroja.com.mx\/?p=79379"},"modified":"2025-04-14T21:54:07","modified_gmt":"2025-04-15T03:54:07","slug":"ataques-en-anexos-se-intensifican-por-lucha-entre-carteles-hay-125-victimas-desde-2019","status":"publish","type":"post","link":"https:\/\/zonaroja.com.mx\/?p=79379","title":{"rendered":"Ataques en anexos se intensifican por lucha entre c\u00e1rteles; hay 125 v\u00edctimas desde 2019"},"content":{"rendered":"\n<p>Redacci\u00f3n\/Zona Roja Cdmx.<\/p>\n\n\n\n<p>Ciudad de M\u00e9xico, a 14 de abril de 2025.- Los recientes ataques contra anexos y cl\u00ednicas de rehabilitaci\u00f3n en distintos estados de M\u00e9xico han reabierto la crisis de homicidios y delitos relacionados con el secuestro y \u201clevantones\u201d en este centros de atenci\u00f3n contra las adicciones.&nbsp;<\/p>\n\n\n\n<p>El \u00faltimo episodio ocurri\u00f3 cuando presuntos miembros de c\u00e1rteles atacaron tres de estos establecimientos en Culiac\u00e1n, Sinaloa; sin embargo, solo uno de ellos dej\u00f3 un saldo de nueve muertos y cuatro heridos.<\/p>\n\n\n\n<p>De acuerdo con datos y fuentes militares consultadas igualmente por Infobae M\u00e9xico, existen alrededor de 125 v\u00edctimas reportadas desde el a\u00f1o 2019. En tanto, se contabilizan cerca de 40 pacientes que han sido \u201clevantados\u201d y obligados a enlistarse entre las filas de los principales c\u00e1rteles del narcotr\u00e1fico que dominan y mantienen una lucha encarnizada en la regi\u00f3n.<\/p>\n\n\n\n<p>Sobre esa l\u00ednea, la explicaci\u00f3n de estos \u00edndices se atribuye a un raz\u00f3n principal: la fragmentaci\u00f3n del C\u00e1rtel de Sinaloa entre \u201cLos Chapitos\u201d y \u201cLos Mayos\u201d, ambos surgidos tras la nueva extradici\u00f3n de Joaqu\u00edn Guzm\u00e1n Loera, alias \u201cEl Chapo\u201d, y el secuestro de Ismael \u201cEl Mayo\u201d Zambada a mediados de 2024 para enfrentar a las autoridades en la corte del Distrito Este de Brooklyn, Nueva York, en Estados Unidos.<\/p>\n\n\n\n<p>De acuerdo con un alto mando de seguridad federal, los ataques a centros de rehabilitaci\u00f3n estar\u00edan relacionados igualmente con la \u201ctraici\u00f3n\u201d de antiguos miembros de grupos delictivos que decidieron abandonar esas actividades y comenzar un proceso de recuperaci\u00f3n frente al consumo de drogas o alcohol.<\/p>\n\n\n\n<p>Durante su tiempo dentro de las organizaciones criminales, estos individuos eran forzados a consumir sustancias como cristal y coca\u00edna para llevar a cabo ejecuciones, robos, bloqueos armados y agresiones contra autoridades, explic\u00f3 la fuente.<\/p>\n\n\n\n<p>Adem\u00e1s, estos ataques tambi\u00e9n obedecer\u00edan a un intento del crimen organizado por castigar o desmantelar estos espacios, ya que representan una p\u00e9rdida de consumidores. Seg\u00fan las autoridades, algunos de los usuarios llegaban a consumir hasta cinco dosis diarias antes de buscar ayuda en estos anexos ubicados en Sinaloa.<\/p>\n\n\n\n<p>El episodio tr\u00e1gico m\u00e1s reciente se dio con el ataque armado al anexo \u201cShaddai\u201d en Culiac\u00e1n, Sinaloa, el cual dej\u00f3 un saldo de nueve muertos, entre ellos el director del lugar y el subdirector Jes\u00fas Jovany.<\/p>\n\n\n\n<p>El ataque ocurri\u00f3 la madrugada del martes 8 de abril en Colinas de San Miguel, una zona residencial de alto nivel. Seg\u00fan testimonios, un grupo armado irrumpi\u00f3 preguntando por internos relacionados con \u201cEl Mayo\u201d sin encontrar respuesta. A pesar de que el director intent\u00f3 calmar a los agresores, estos comenzaron a disparar.<\/p>\n\n\n\n<p>\u201cNos tiraron al suelo y empezaron a apuntarnos. Yo s\u00f3lo pensaba en mi familia\u201d, narr\u00f3 uno de los sobrevivientes a medios locales. Otro testigo relat\u00f3 que los agresores huyeron cuando uno de sus rifles se encasquill\u00f3, lo que evit\u00f3 un n\u00famero a\u00fan mayor de v\u00edctimas.<\/p>\n\n\n\n<p>Horas despu\u00e9s, el propietario del anexo, Guillermo Rodr\u00edguez Gaxiola, fue secuestrado en un domicilio en el fraccionamiento Portalegre. La Fiscal\u00eda General del Estado (FGE) de Sinaloa confirm\u00f3 que ya abri\u00f3 una carpeta de investigaci\u00f3n por homicidio m\u00faltiple y privaci\u00f3n ilegal de la libertad.<\/p>\n\n\n\n<p>(Informaci\u00f3n de Infobae M\u00e9xico)<\/p>\n","protected":false},"excerpt":{"rendered":"<p>Redacci\u00f3n\/Zona Roja Cdmx. Ciudad de M\u00e9xico, a 14 de abril de 2025.- Los recientes ataques&hellip;<\/p>\n","protected":false},"author":2,"featured_media":64603,"comment_status":"closed","ping_status":"open","sticky":false,"template":"","format":"standard","meta":{"_lmt_disableupdate":"","_lmt_disable":"","_jetpack_memberships_contains_paid_content":false,"footnotes":""},"categories":[109,47],"tags":[],"class_list":["post-79379","post","type-post","status-publish","format-standard","has-post-thumbnail","hentry","category-minuto-a-minuto","category-zona-gris"],"jetpack_featured_media_url":"https:\/\/zonaroja.com.mx\/wp-content\/uploads\/2024\/01\/Cartel-Jalisco-CJNG.jpeg","jetpack_sharing_enabled":true,"_links":{"self":[{"href":"https:\/\/zonaroja.com.mx\/index.php?rest_route=\/wp\/v2\/posts\/79379","targetHints":{"allow":["GET"]}}],"collection":[{"href":"https:\/\/zonaroja.com.mx\/index.php?rest_route=\/wp\/v2\/posts"}],"about":[{"href":"https:\/\/zonaroja.com.mx\/index.php?rest_route=\/wp\/v2\/types\/post"}],"author":[{"embeddable":true,"href":"https:\/\/zonaroja.com.mx\/index.php?rest_route=\/wp\/v2\/users\/2"}],"replies":[{"embeddable":true,"href":"https:\/\/zonaroja.com.mx\/index.php?rest_route=%2Fwp%2Fv2%2Fcomments&post=79379"}],"version-history":[{"count":2,"href":"https:\/\/zonaroja.com.mx\/index.php?rest_route=\/wp\/v2\/posts\/79379\/revisions"}],"predecessor-version":[{"id":79382,"href":"https:\/\/zonaroja.com.mx\/index.php?rest_route=\/wp\/v2\/posts\/79379\/revisions\/79382"}],"wp:featuredmedia":[{"embeddable":true,"href":"https:\/\/zonaroja.com.mx\/index.php?rest_route=\/wp\/v2\/media\/64603"}],"wp:attachment":[{"href":"https:\/\/zonaroja.com.mx\/index.php?rest_route=%2Fwp%2Fv2%2Fmedia&parent=79379"}],"wp:term":[{"taxonomy":"category","embeddable":true,"href":"https:\/\/zonaroja.com.mx\/index.php?rest_route=%2Fwp%2Fv2%2Fcategories&post=79379"},{"taxonomy":"post_tag","embeddable":true,"href":"https:\/\/zonaroja.com.mx\/index.php?rest_route=%2Fwp%2Fv2%2Ftags&post=79379"}],"curies":[{"name":"wp","href":"https:\/\/api.w.org\/{rel}","templated":true}]}}