{"id":79383,"date":"2025-04-14T21:57:59","date_gmt":"2025-04-15T03:57:59","guid":{"rendered":"https:\/\/zonaroja.com.mx\/?p=79383"},"modified":"2025-04-14T21:58:01","modified_gmt":"2025-04-15T03:58:01","slug":"confirman-dos-muertos-en-oaxaca-en-combate-a-incendio","status":"publish","type":"post","link":"https:\/\/zonaroja.com.mx\/?p=79383","title":{"rendered":"Confirman dos muertos en Oaxaca en combate a incendio"},"content":{"rendered":"\n<p>Raymundo Morales\/Zona Roja.<\/p>\n\n\n\n<p>Oaxaca de Ju\u00e1rez, Oax., a 14 de febrero de 2025.- Dos personas perdieron la vida este lunes a causa de un incendio forestal en jurisdicci\u00f3n de Santa Maria Pe\u00f1oles, municipio de la regi\u00f3n Valles Centrales, confirm\u00f3 el Gobierno del Estado.<\/p>\n\n\n\n<p>Las  autoridades estatales a la vez descartaron el deceso que dio a conocer Protecci\u00f3n Civil nacional y que supuestamente habr\u00eda ocurrido ayer en la conflagraci\u00f3n de Santo Domingo Tomaltepec y zonas aleda\u00f1as.<\/p>\n\n\n\n<p>De la tragedia sucedida hoy, los hechos sucedieron esta tarde cuando comuneros combat\u00edan el incendio, en la localidad de Manzanita, colindancia con el municipio de San Miguel Perlas.<\/p>\n\n\n\n<p>De manera preliminar se inform\u00f3 que las v\u00edctimas respondieron en vida a los nombres de F\u00e9lix M. V., de 64 a\u00f1os a\u00f1os de edad, y Bernardino M. C., de 21 a\u00f1os.<\/p>\n\n\n\n<p>Mientras tanto, un menor identificado como Sebasti\u00e1n M. C., de 13 a\u00f1os, result\u00f3 con quemaduras graves y fue trasladado a un hospital de la capital oaxaque\u00f1a.<\/p>\n\n\n\n<p>Los pobladores y las autoridades municipales urgieron atenci\u00f3n y apoyo por parte de las autoridades estatales y federales.<\/p>\n\n\n\n<p>En un comunicado, el Gobierno del Estado dio a conocer que la Comisi\u00f3n Estatal Forestal no recibi\u00f3 notificaci\u00f3n a tiempo del incendio en la zona, por parte de la autoridad municipal; indic\u00f3 que en las primeras horas de este martes enviar\u00e1 a un grupo de t\u00e9cnicos para encabezar los trabajos de combate y liquidaci\u00f3n. <\/p>\n\n\n\n<p><\/p>\n","protected":false},"excerpt":{"rendered":"<p>Raymundo Morales\/Zona Roja. Oaxaca de Ju\u00e1rez, Oax., a 14 de febrero de 2025.- Dos personas&hellip;<\/p>\n","protected":false},"author":2,"featured_media":79384,"comment_status":"closed","ping_status":"open","sticky":false,"template":"","format":"standard","meta":{"_lmt_disableupdate":"","_lmt_disable":"","_jetpack_memberships_contains_paid_content":false,"footnotes":""},"categories":[109,47],"tags":[1256],"class_list":["post-79383","post","type-post","status-publish","format-standard","has-post-thumbnail","hentry","category-minuto-a-minuto","category-zona-gris","tag-incendios-forestales-oaxaca"],"jetpack_featured_media_url":"https:\/\/zonaroja.com.mx\/wp-content\/uploads\/2025\/04\/Incendio-forestal-Oaxaca.jpg","jetpack_sharing_enabled":true,"_links":{"self":[{"href":"https:\/\/zonaroja.com.mx\/index.php?rest_route=\/wp\/v2\/posts\/79383","targetHints":{"allow":["GET"]}}],"collection":[{"href":"https:\/\/zonaroja.com.mx\/index.php?rest_route=\/wp\/v2\/posts"}],"about":[{"href":"https:\/\/zonaroja.com.mx\/index.php?rest_route=\/wp\/v2\/types\/post"}],"author":[{"embeddable":true,"href":"https:\/\/zonaroja.com.mx\/index.php?rest_route=\/wp\/v2\/users\/2"}],"replies":[{"embeddable":true,"href":"https:\/\/zonaroja.com.mx\/index.php?rest_route=%2Fwp%2Fv2%2Fcomments&post=79383"}],"version-history":[{"count":1,"href":"https:\/\/zonaroja.com.mx\/index.php?rest_route=\/wp\/v2\/posts\/79383\/revisions"}],"predecessor-version":[{"id":79385,"href":"https:\/\/zonaroja.com.mx\/index.php?rest_route=\/wp\/v2\/posts\/79383\/revisions\/79385"}],"wp:featuredmedia":[{"embeddable":true,"href":"https:\/\/zonaroja.com.mx\/index.php?rest_route=\/wp\/v2\/media\/79384"}],"wp:attachment":[{"href":"https:\/\/zonaroja.com.mx\/index.php?rest_route=%2Fwp%2Fv2%2Fmedia&parent=79383"}],"wp:term":[{"taxonomy":"category","embeddable":true,"href":"https:\/\/zonaroja.com.mx\/index.php?rest_route=%2Fwp%2Fv2%2Fcategories&post=79383"},{"taxonomy":"post_tag","embeddable":true,"href":"https:\/\/zonaroja.com.mx\/index.php?rest_route=%2Fwp%2Fv2%2Ftags&post=79383"}],"curies":[{"name":"wp","href":"https:\/\/api.w.org\/{rel}","templated":true}]}}