{"id":79386,"date":"2025-04-14T22:26:50","date_gmt":"2025-04-15T04:26:50","guid":{"rendered":"https:\/\/zonaroja.com.mx\/?p=79386"},"modified":"2025-04-14T22:26:52","modified_gmt":"2025-04-15T04:26:52","slug":"individuo-asesina-a-su-padre-en-comunidad-costena-de-oaxaca","status":"publish","type":"post","link":"https:\/\/zonaroja.com.mx\/?p=79386","title":{"rendered":"Individuo asesina a su padre en comunidad coste\u00f1a de Oaxaca"},"content":{"rendered":"\n<p>Raymundo Morales\/Zona Roja.<\/p>\n\n\n\n<p>Oaxaca de Ju\u00e1rez, Oax., a 14 de abril de 2025.- Una persona del sexo masculino mat\u00f3 a balazos a su padre en Pinotepa de Don Luis, municipio de la regi\u00f3n Costa de Oaxaca.<\/p>\n\n\n\n<p>De acuerdo con la informaci\u00f3n preliminar de corporaciones policiacas, el probable parricidio ocurri\u00f3 ayer en que, tras una discusi\u00f3n, el sujeto le dispar\u00f3 y mat\u00f3 al se\u00f1or Juan F. G., de 78 a\u00f1os de edad.<\/p>\n\n\n\n<p>Tras ello, huy\u00f3 del domicilio, por lo cual ya es buscado por corporaciones policiacas.<\/p>\n\n\n\n<p>Mientras tanto, la Vicefiscal\u00eda Regional de la Costa, de la Fiscal\u00eda General del Estado de Oaxaca, inicio las indagatorias correspondientes, con la finalidad de dar con el paradero del probable homicida y llevarlo ante la justicia.<\/p>\n","protected":false},"excerpt":{"rendered":"<p>Raymundo Morales\/Zona Roja. Oaxaca de Ju\u00e1rez, Oax., a 14 de abril de 2025.- Una persona&hellip;<\/p>\n","protected":false},"author":2,"featured_media":74062,"comment_status":"closed","ping_status":"open","sticky":false,"template":"","format":"standard","meta":{"_lmt_disableupdate":"","_lmt_disable":"","_jetpack_memberships_contains_paid_content":false,"footnotes":""},"categories":[109,51],"tags":[4279],"class_list":["post-79386","post","type-post","status-publish","format-standard","has-post-thumbnail","hentry","category-minuto-a-minuto","category-zona-roja","tag-pinotepa-de-don-luis"],"jetpack_featured_media_url":"https:\/\/zonaroja.com.mx\/wp-content\/uploads\/2024\/11\/Escena-del-crimen-1.jpg","jetpack_sharing_enabled":true,"_links":{"self":[{"href":"https:\/\/zonaroja.com.mx\/index.php?rest_route=\/wp\/v2\/posts\/79386","targetHints":{"allow":["GET"]}}],"collection":[{"href":"https:\/\/zonaroja.com.mx\/index.php?rest_route=\/wp\/v2\/posts"}],"about":[{"href":"https:\/\/zonaroja.com.mx\/index.php?rest_route=\/wp\/v2\/types\/post"}],"author":[{"embeddable":true,"href":"https:\/\/zonaroja.com.mx\/index.php?rest_route=\/wp\/v2\/users\/2"}],"replies":[{"embeddable":true,"href":"https:\/\/zonaroja.com.mx\/index.php?rest_route=%2Fwp%2Fv2%2Fcomments&post=79386"}],"version-history":[{"count":1,"href":"https:\/\/zonaroja.com.mx\/index.php?rest_route=\/wp\/v2\/posts\/79386\/revisions"}],"predecessor-version":[{"id":79387,"href":"https:\/\/zonaroja.com.mx\/index.php?rest_route=\/wp\/v2\/posts\/79386\/revisions\/79387"}],"wp:featuredmedia":[{"embeddable":true,"href":"https:\/\/zonaroja.com.mx\/index.php?rest_route=\/wp\/v2\/media\/74062"}],"wp:attachment":[{"href":"https:\/\/zonaroja.com.mx\/index.php?rest_route=%2Fwp%2Fv2%2Fmedia&parent=79386"}],"wp:term":[{"taxonomy":"category","embeddable":true,"href":"https:\/\/zonaroja.com.mx\/index.php?rest_route=%2Fwp%2Fv2%2Fcategories&post=79386"},{"taxonomy":"post_tag","embeddable":true,"href":"https:\/\/zonaroja.com.mx\/index.php?rest_route=%2Fwp%2Fv2%2Ftags&post=79386"}],"curies":[{"name":"wp","href":"https:\/\/api.w.org\/{rel}","templated":true}]}}