{"id":79388,"date":"2025-04-15T07:15:00","date_gmt":"2025-04-15T13:15:00","guid":{"rendered":"https:\/\/zonaroja.com.mx\/?p=79388"},"modified":"2025-04-15T06:36:30","modified_gmt":"2025-04-15T12:36:30","slug":"logra-fiscalia-sentencia-de-36-anos-contra-feminicida-24-anos-contra-violador","status":"publish","type":"post","link":"https:\/\/zonaroja.com.mx\/?p=79388","title":{"rendered":"Logra Fiscal\u00eda sentencia de 36 a\u00f1os contra feminicida; 24 a\u00f1os contra violador"},"content":{"rendered":"\n<p>Raymundo Morales\/Zona Roja.<\/p>\n\n\n\n<p>Oaxaca de Ju\u00e1rez, Oax., a 15 de abril de 2025.- En puntual seguimiento a casos de violencia de g\u00e9nero en la entidad, la Fiscal\u00eda General del Estado de Oaxaca (FGEO) obtuvo sentencia condenatoria de 36 a\u00f1os y ocho meses de prisi\u00f3n contra Reynaldo O.F.P., por su responsabilidad del delito de feminicidio en grado de tentativa, cometido en la sierra sur del estado de Oaxaca.<\/p>\n\n\n\n<p>De acuerdo con la causa penal, el 26 de diciembre de 2018, la v\u00edctima (cuya identidad es reservada por ley) se encontraba en su domicilio ubicado en la agencia municipal de Palo Grande del municipio de Miahuatl\u00e1n de Porfirio D\u00edaz, sitio al que lleg\u00f3 el agresor, quien atac\u00f3 a la v\u00edctima de manera f\u00edsica y verbal.<\/p>\n\n\n\n<p>La investigaci\u00f3n revela que, el agresor amenaz\u00f3 a la v\u00edctima con un arma de fuego, adem\u00e1s de rociar gasolina en la puerta de la casa de la v\u00edctima e intentar prenderle fuego.<\/p>\n\n\n\n<p>Ante estos hechos y tras la denuncia presentada, la FGEO inici\u00f3 una exhaustiva investigaci\u00f3n, a trav\u00e9s de la Vicefiscal\u00eda General de Control Regional, logrando aprender y presentar ante el Juzgado de control al imputado.<\/p>\n\n\n\n<p>Derivado de las investigaciones encabezadas por la FGEO, el Tribunal de Enjuiciamiento tuvo los elementos suficientes para dictar sentencia condenatoria contra Reynaldo O.F.P., a quien impusieron la pena de 36 a\u00f1os y ocho meses de prisi\u00f3n por su responsabilidad del delito de feminicidio en grado de tentativa, adem\u00e1s de imponer el pago por concepto de reparaci\u00f3n del da\u00f1o.<\/p>\n\n\n\n<p>EN VALLES CENTRALES<\/p>\n\n\n\n<p>En otro caso, la Fiscal\u00eda General obtuvo una sentencia condenatoria de 24 a\u00f1os en contra de una persona del sexo masculino identificado como Jos\u00e9 L.R., por el delito de Violaci\u00f3n Equiparada Agravada, cometido en perjuicio de una menor de edad en la regi\u00f3n de los Valles Centrales.<\/p>\n\n\n\n<p>Los hechos sucedieron en 2013, cuando la v\u00edctima (cuya identidad est\u00e1 reservada por ley) se encontraba dormida en su domicilio, localizado en el municipio de la Pe, en el distrito de Ejutla.&nbsp;<\/p>\n\n\n\n<p>En ese momento, fue sorprendida y agredida, conducta por cuya responsabilidad, la v\u00edctima hizo el se\u00f1alamiento del agresor.&nbsp;<\/p>\n\n\n\n<p>Luego que la FGEO recibi\u00f3 la denuncia, se iniciaron las investigaciones correspondientes a trav\u00e9s de la Vicefiscal\u00eda de Control Regional, que logr\u00f3 la detenci\u00f3n del hoy sentenciado, a quien llev\u00f3 ante las autoridades.<\/p>\n\n\n\n<p>Gracias a los resultados del trabajo multidisciplinario que la FGEO aport\u00f3, el Juez tuvo los elementos jur\u00eddicos para dictar sentencia condenatoria de 24 a\u00f1os 9 meses de prisi\u00f3n en contra de Jos\u00e9 L.R., adem\u00e1s que estableci\u00f3 el pago de una multa.<\/p>\n\n\n\n<p>EN LA CUENCA<\/p>\n\n\n\n<p>Mientras tanto, en la regi\u00f3n de la Cuenca, la Fiscal\u00eda General del Estado de Oaxaca (FGEO) dio cumplimiento a una orden de aprehensi\u00f3n en contra de una persona del sexo femenino identificada como L.A.L., por el delito de homicidio en agravio de un adolescente.<\/p>\n\n\n\n<p>De acuerdo con lo asentado en el expediente penal de caso, los hechos ocurrieron el 8 de abril de 2025, en el exterior de un domicilio ubicado en la comunidad de San Pedro Ozumac\u00edn perteneciente al municipio de Ayotzintepec, lugar donde la v\u00edctima, un adolescente de 14 a\u00f1os, fue atacado con un objeto punzo cortante (navaja), infligiendo lesiones que le ocasionaron la muerte.<\/p>\n\n\n\n<p>Ante estos hechos, la Fiscal\u00eda General del Estado de Oaxaca, a trav\u00e9s de la Vicefiscal\u00eda Regional de la Cuenca, despleg\u00f3 al lugar de los hechos a un equipo multidisciplinario especializado en delitos de alto impacto para realizar las indagatorias correspondientes que permitieron obtener la orden de aprehensi\u00f3n en contra de L.A.L., por el delito de homicidio en agravio de I.M.R.<\/p>\n\n\n\n<p>Una vez detenida por elementos de la Agencia Estatal de Investigaciones (AEI), L.A.L. qued\u00f3 a disposici\u00f3n del Ministerio P\u00fablico para determinar su situaci\u00f3n jur\u00eddica.<\/p>\n\n\n\n<p>La Fiscal\u00eda General garantiza investigaciones exhaustivas para esclarecer delitos, aplicando las herramientas legales para castigar a quien o quienes resulten responsables.<\/p>\n","protected":false},"excerpt":{"rendered":"<p>Raymundo Morales\/Zona Roja. Oaxaca de Ju\u00e1rez, Oax., a 15 de abril de 2025.- En puntual&hellip;<\/p>\n","protected":false},"author":2,"featured_media":68512,"comment_status":"closed","ping_status":"open","sticky":false,"template":"","format":"standard","meta":{"_lmt_disableupdate":"","_lmt_disable":"","_jetpack_memberships_contains_paid_content":false,"footnotes":""},"categories":[109,46],"tags":[494],"class_list":["post-79388","post","type-post","status-publish","format-standard","has-post-thumbnail","hentry","category-minuto-a-minuto","category-zona-blanca","tag-fiscalia-general-del-estado-de-oaxaca"],"jetpack_featured_media_url":"https:\/\/zonaroja.com.mx\/wp-content\/uploads\/2024\/05\/prision-carcel-sentenciado.jpg","jetpack_sharing_enabled":true,"_links":{"self":[{"href":"https:\/\/zonaroja.com.mx\/index.php?rest_route=\/wp\/v2\/posts\/79388","targetHints":{"allow":["GET"]}}],"collection":[{"href":"https:\/\/zonaroja.com.mx\/index.php?rest_route=\/wp\/v2\/posts"}],"about":[{"href":"https:\/\/zonaroja.com.mx\/index.php?rest_route=\/wp\/v2\/types\/post"}],"author":[{"embeddable":true,"href":"https:\/\/zonaroja.com.mx\/index.php?rest_route=\/wp\/v2\/users\/2"}],"replies":[{"embeddable":true,"href":"https:\/\/zonaroja.com.mx\/index.php?rest_route=%2Fwp%2Fv2%2Fcomments&post=79388"}],"version-history":[{"count":1,"href":"https:\/\/zonaroja.com.mx\/index.php?rest_route=\/wp\/v2\/posts\/79388\/revisions"}],"predecessor-version":[{"id":79389,"href":"https:\/\/zonaroja.com.mx\/index.php?rest_route=\/wp\/v2\/posts\/79388\/revisions\/79389"}],"wp:featuredmedia":[{"embeddable":true,"href":"https:\/\/zonaroja.com.mx\/index.php?rest_route=\/wp\/v2\/media\/68512"}],"wp:attachment":[{"href":"https:\/\/zonaroja.com.mx\/index.php?rest_route=%2Fwp%2Fv2%2Fmedia&parent=79388"}],"wp:term":[{"taxonomy":"category","embeddable":true,"href":"https:\/\/zonaroja.com.mx\/index.php?rest_route=%2Fwp%2Fv2%2Fcategories&post=79388"},{"taxonomy":"post_tag","embeddable":true,"href":"https:\/\/zonaroja.com.mx\/index.php?rest_route=%2Fwp%2Fv2%2Ftags&post=79388"}],"curies":[{"name":"wp","href":"https:\/\/api.w.org\/{rel}","templated":true}]}}