{"id":79390,"date":"2025-04-15T08:00:00","date_gmt":"2025-04-15T14:00:00","guid":{"rendered":"https:\/\/zonaroja.com.mx\/?p=79390"},"modified":"2025-04-15T07:06:59","modified_gmt":"2025-04-15T13:06:59","slug":"aumenta-la-tragedia-en-penoles-sube-a-tres-los-muertos-por-incendio","status":"publish","type":"post","link":"https:\/\/zonaroja.com.mx\/?p=79390","title":{"rendered":"Aumenta la tragedia en Pe\u00f1oles: sube a tres los muertos por incendio"},"content":{"rendered":"\n<p>Raymundo Morales\/Zona Roja.<\/p>\n\n\n\n<p>Oaxaca de Ju\u00e1rez, Oax., a 15 de abril de 2025.- A tres aument\u00f3 el n\u00famero de personas que murieron a causa de un incendio originado en un horno para preparar carb\u00f3n, en la comunidad de El Manzanito, Santa Mar\u00eda Pe\u00f1oles.<\/p>\n\n\n\n<p>Anoche perdi\u00f3 la vida el adolescente Sebasti\u00e1n M. C., de 13 a\u00f1os de edad, quien hab\u00eda sido trasladado a un hospital de la ciudad de Oaxaca para su atenci\u00f3n m\u00e9dica, con quemaduras en la mayor parte del cuerpo.<\/p>\n\n\n\n<p>Ayer por la noche se confirm\u00f3 el deceso de&nbsp;<\/p>\n\n\n\n<p>F\u00e9lix M. V., de 64 a\u00f1os de edad, y Bernardino M. C., de 22 a\u00f1os, todos integrantes de una familia de dicha comunidad perteneciente al distrito de Etla, en la regi\u00f3n Valles Centrales del estado.<\/p>\n\n\n\n<p>A trav\u00e9s de un comunicado, el gobernador Salom\u00f3n Jara Cruz lament\u00f3 el deceso de las personas que combat\u00edan el incendio forestal registrado en la comunidad de El Manzanito, perteneciente al municipio de Santa Mar\u00eda Pe\u00f1oles.<\/p>\n\n\n\n<p>El mandatario estatal expres\u00f3 sus condolencias a la familia, a quienes se les brindar\u00e1 el apoyo y acompa\u00f1amiento necesario para superar esta situaci\u00f3n.<\/p>\n\n\n\n<p>El comunicado indic\u00f3 que, con base en los primeros reportes, la conflagraci\u00f3n se gener\u00f3 a partir de un mal control de un horno de carb\u00f3n. El padre de familia y el hijo acudieron a combatir el incendio que estaba cerca de su vivienda, pero fueron atrapados por las llamas.<\/p>\n\n\n\n<p>La Comisi\u00f3n Estatal Forestal (Coesfo) indic\u00f3 que en las primeras horas de este martes se enviar\u00e1 a un grupo de t\u00e9cnicos para encabezar los trabajos de combate y liquidaci\u00f3n.<\/p>\n","protected":false},"excerpt":{"rendered":"<p>Raymundo Morales\/Zona Roja. Oaxaca de Ju\u00e1rez, Oax., a 15 de abril de 2025.- A tres&hellip;<\/p>\n","protected":false},"author":2,"featured_media":79396,"comment_status":"closed","ping_status":"open","sticky":false,"template":"","format":"standard","meta":{"_lmt_disableupdate":"","_lmt_disable":"","_jetpack_memberships_contains_paid_content":false,"footnotes":""},"categories":[109,51],"tags":[3057],"class_list":["post-79390","post","type-post","status-publish","format-standard","has-post-thumbnail","hentry","category-minuto-a-minuto","category-zona-roja","tag-santa-maria-penoles"],"jetpack_featured_media_url":"https:\/\/zonaroja.com.mx\/wp-content\/uploads\/2025\/04\/Santa-Maria-Penoles.jpg","jetpack_sharing_enabled":true,"_links":{"self":[{"href":"https:\/\/zonaroja.com.mx\/index.php?rest_route=\/wp\/v2\/posts\/79390","targetHints":{"allow":["GET"]}}],"collection":[{"href":"https:\/\/zonaroja.com.mx\/index.php?rest_route=\/wp\/v2\/posts"}],"about":[{"href":"https:\/\/zonaroja.com.mx\/index.php?rest_route=\/wp\/v2\/types\/post"}],"author":[{"embeddable":true,"href":"https:\/\/zonaroja.com.mx\/index.php?rest_route=\/wp\/v2\/users\/2"}],"replies":[{"embeddable":true,"href":"https:\/\/zonaroja.com.mx\/index.php?rest_route=%2Fwp%2Fv2%2Fcomments&post=79390"}],"version-history":[{"count":1,"href":"https:\/\/zonaroja.com.mx\/index.php?rest_route=\/wp\/v2\/posts\/79390\/revisions"}],"predecessor-version":[{"id":79397,"href":"https:\/\/zonaroja.com.mx\/index.php?rest_route=\/wp\/v2\/posts\/79390\/revisions\/79397"}],"wp:featuredmedia":[{"embeddable":true,"href":"https:\/\/zonaroja.com.mx\/index.php?rest_route=\/wp\/v2\/media\/79396"}],"wp:attachment":[{"href":"https:\/\/zonaroja.com.mx\/index.php?rest_route=%2Fwp%2Fv2%2Fmedia&parent=79390"}],"wp:term":[{"taxonomy":"category","embeddable":true,"href":"https:\/\/zonaroja.com.mx\/index.php?rest_route=%2Fwp%2Fv2%2Fcategories&post=79390"},{"taxonomy":"post_tag","embeddable":true,"href":"https:\/\/zonaroja.com.mx\/index.php?rest_route=%2Fwp%2Fv2%2Ftags&post=79390"}],"curies":[{"name":"wp","href":"https:\/\/api.w.org\/{rel}","templated":true}]}}