{"id":79398,"date":"2025-04-15T09:00:00","date_gmt":"2025-04-15T15:00:00","guid":{"rendered":"https:\/\/zonaroja.com.mx\/?p=79398"},"modified":"2025-04-15T07:20:51","modified_gmt":"2025-04-15T13:20:51","slug":"preven-paro-de-labores-otra-vez-en-hospital-civil-de-oaxaca","status":"publish","type":"post","link":"https:\/\/zonaroja.com.mx\/?p=79398","title":{"rendered":"Prev\u00e9n paro de labores, otra vez, en Hospital Civil de Oaxaca"},"content":{"rendered":"\n<p>Raymundo Morales\/Zona Roja.<\/p>\n\n\n\n<p>Oaxaca de Ju\u00e1rez, Oax., a 15 de abril de 2025.- Ante el desabasto del 80 por ciento de medicinas, as\u00ed como la prohibici\u00f3n de emitir recetas y el incumplimiento a diversos pendientes laborales, el personal del Hospital General \u201cDr. Aurelio Valdivieso\u201d de la ciudad de Oaxaca preve parar labores.<\/p>\n\n\n\n<p>Ayer, trabajadores y la dirigencia de la Subsecci\u00f3n 07 de la Secci\u00f3n 35 del Sindicato Nacional de Trabajadores de la Secretar\u00eda de Salud, denunciaron las omisiones del IMSS-Bienestar y de los Servicios de Salud del estado.<\/p>\n\n\n\n<p>Asimismo, acusaron incumplimiento del director general del IMSS-Bienestar, Alejandro Svarch P\u00e9rez, quien hace dos semanas estuvo en Oaxaca y escuch\u00f3 diversos planteamientos que se comprometi\u00f3 a cumplir y hasta la fecha no lo ha hecho.<\/p>\n\n\n\n<p>Lo grave, indicaron, es que se ha prohibido a los m\u00e9dicos emitir recetas para adquirir medicamentos por fuera del hospital, dejando a los pacientes sin alternativas para continuar con su tratamiento.<\/p>\n\n\n\n<p>De la misma manera, tras la llegada del comit\u00e9 transitorio docente, el pasado 16 de enero, no ha habido ning\u00fan avance ni cambio en la atenci\u00f3n a los pacientes en general; tampoco se han presentado lineamientos claros y protocolos operativos de manera oficial, derivado del an\u00e1lisis realizado por este comit\u00e9.&nbsp;<\/p>\n\n\n\n<p>\u201cEs necesario la revisi\u00f3n integral del modelo de atenci\u00f3n de IMSS Bienestar, ya que el actual sistema no est\u00e1 cumpliendo con los principios de cobertura, calidad, ni eficiencia en la prestaci\u00f3n de servicios. Dicha situaci\u00f3n ha generado confusi\u00f3n, incertidumbre y una grave afectaci\u00f3n en la prestaci\u00f3n de los servicios de salud a la poblaci\u00f3n m\u00e1s vulnerable. Se impone una sobrecarga de trabajo en el \u00e1rea de farmacia, admisi\u00f3n hospitalaria y enfermer\u00eda\u201d, se\u00f1alaron.<\/p>\n\n\n\n<p>Entre otras demandas, tambi\u00e9n reiteraron la petici\u00f3n de regularizaci\u00f3n inmediata de los pagos pendientes a trabajadores, como pagos de d\u00edas festivos, est\u00edmulo anual y tiempo extra ya trabajado.<\/p>\n\n\n\n<p>Asimismo, garant\u00eda de infraestructura adecuada y mantenimiento continuo de las instalaciones y equipos m\u00e9dicos para asegurar condiciones \u00f3ptimas de atenci\u00f3n y trabajo.<\/p>\n\n\n\n<p>\u201cResponsabilizamos a las autoridades federales y estatales por las consecuencias que esta situaci\u00f3n genere en el retraso en la atenci\u00f3n m\u00e9dica y en la estabilidad laboral de nuestros compa\u00f1eros y compa\u00f1eras\u201d, acusaron.<\/p>\n","protected":false},"excerpt":{"rendered":"<p>Raymundo Morales\/Zona Roja. Oaxaca de Ju\u00e1rez, Oax., a 15 de abril de 2025.- Ante el&hellip;<\/p>\n","protected":false},"author":2,"featured_media":79400,"comment_status":"closed","ping_status":"open","sticky":false,"template":"","format":"standard","meta":{"_lmt_disableupdate":"","_lmt_disable":"","_jetpack_memberships_contains_paid_content":false,"footnotes":""},"categories":[109,47],"tags":[1633],"class_list":["post-79398","post","type-post","status-publish","format-standard","has-post-thumbnail","hentry","category-minuto-a-minuto","category-zona-gris","tag-hospital-general-dr-aurelio-valdivieso"],"jetpack_featured_media_url":"https:\/\/zonaroja.com.mx\/wp-content\/uploads\/2025\/04\/Protesta-Hospital-Civil-Oaxaca.jpg","jetpack_sharing_enabled":true,"_links":{"self":[{"href":"https:\/\/zonaroja.com.mx\/index.php?rest_route=\/wp\/v2\/posts\/79398","targetHints":{"allow":["GET"]}}],"collection":[{"href":"https:\/\/zonaroja.com.mx\/index.php?rest_route=\/wp\/v2\/posts"}],"about":[{"href":"https:\/\/zonaroja.com.mx\/index.php?rest_route=\/wp\/v2\/types\/post"}],"author":[{"embeddable":true,"href":"https:\/\/zonaroja.com.mx\/index.php?rest_route=\/wp\/v2\/users\/2"}],"replies":[{"embeddable":true,"href":"https:\/\/zonaroja.com.mx\/index.php?rest_route=%2Fwp%2Fv2%2Fcomments&post=79398"}],"version-history":[{"count":1,"href":"https:\/\/zonaroja.com.mx\/index.php?rest_route=\/wp\/v2\/posts\/79398\/revisions"}],"predecessor-version":[{"id":79401,"href":"https:\/\/zonaroja.com.mx\/index.php?rest_route=\/wp\/v2\/posts\/79398\/revisions\/79401"}],"wp:featuredmedia":[{"embeddable":true,"href":"https:\/\/zonaroja.com.mx\/index.php?rest_route=\/wp\/v2\/media\/79400"}],"wp:attachment":[{"href":"https:\/\/zonaroja.com.mx\/index.php?rest_route=%2Fwp%2Fv2%2Fmedia&parent=79398"}],"wp:term":[{"taxonomy":"category","embeddable":true,"href":"https:\/\/zonaroja.com.mx\/index.php?rest_route=%2Fwp%2Fv2%2Fcategories&post=79398"},{"taxonomy":"post_tag","embeddable":true,"href":"https:\/\/zonaroja.com.mx\/index.php?rest_route=%2Fwp%2Fv2%2Ftags&post=79398"}],"curies":[{"name":"wp","href":"https:\/\/api.w.org\/{rel}","templated":true}]}}