{"id":7940,"date":"2020-01-22T14:51:43","date_gmt":"2020-01-22T20:51:43","guid":{"rendered":"https:\/\/www.zonaroja.com.mx\/?p=7940"},"modified":"2020-01-22T14:51:45","modified_gmt":"2020-01-22T20:51:45","slug":"buscan-a-docentes-de-la-s-22-desaparecidos-en-la-canada-un-hombre-y-una-mujer","status":"publish","type":"post","link":"https:\/\/zonaroja.com.mx\/?p=7940","title":{"rendered":"Buscan a docentes de la S-22 desaparecidos en la Ca\u00f1ada; un hombre y una mujer"},"content":{"rendered":"\n<p>Evlin Arag\u00f3n\/Zona Roja<\/p>\n\n\n\n<p>Oaxaca de Ju\u00e1rez, Oax., 22 de enero de 2020.-&nbsp;Gilberto Gerardo Rosas M\u00e1rquez e Itzel Sara\u00ed S\u00e1nchez Sosa desaparecieron la madrugada del lunes 20 de enero en territorio oaxaque\u00f1o.<\/p>\n\n\n\n<p>Ambas personas est\u00e1n afiliadas a la Secci\u00f3n 22 del Sindicato &nbsp;Nacional de Trabajadores de la Educaci\u00f3n (SNTE) y fueron reportadas por sus familiares como no localizadas ante las autoridades correspondientes.<\/p>\n\n\n\n<p>De acuerdo con el comunicado emitido por la gremial magisterial, ambas personas iban en el mismo veh\u00edculo con rumbo al sector Ca\u00f1ada, para presentarse el lunes 20 y martes 21 en sus centros de trabajo ubicados en Eloxochitl\u00e1n de Flores Mag\u00f3n y Huautla de Jim\u00e9nez, respectivamente.<\/p>\n\n\n\n<p>La profesora del nivel de Educaci\u00f3n Especial, Itzel Sara\u00ed S\u00e1nchez Sosa, de 29 a\u00f1os de a\u00f1os, fue vista por \u00faltima vez en Santa Lucia del Camino, portaba un su\u00e9ter rojo con incrustaciones de pedrer\u00eda y pants holgado blanco con gris, tal y como lo refiere la ficha emitida por la Unidad de B\u00fasqueda de Personas Desaparecidas y No Localizadas de la Fiscal\u00eda General de Estado de Oaxaca y que ya difunde a trav\u00e9s de sus redes sociales.&nbsp;<\/p>\n\n\n\n<p>Mientras que Gerardo Rosas tuvo comunicaci\u00f3n con sus familiares v\u00eda telef\u00f3nica la noche del domingo, mediante la cual inform\u00f3 sobre su salida de la ciudad,&nbsp;<a href=\"\/\/4\">a las dos de la ma\u00f1ana<\/a>&nbsp;inform\u00f3 de su ubicaci\u00f3n en Teotitl\u00e1n de Flores Mag\u00f3n rumbo a Huautla de Jim\u00e9nez, posterior a ello ya no se tuvieron m\u00e1s datos sobre su paradero.<\/p>\n\n\n\n<p>Se sabe que ambas personas viajaban en un autom\u00f3vil color gris de dos puertas que inicio su recorrido de la ciudad Oaxaca con direcci\u00f3n a Huautla de Jim\u00e9nez, lugar en el que recientemente pobladores y ex autoridades municipales han denunciado un incremento de violencia, inseguridad y desapariciones forzadas.<\/p>\n\n\n\n<p>Familiares e integrantes del magisterio oaxaque\u00f1o pidieron la colaboraci\u00f3n del gremio y del pueblo en general para dar con el paradero de ambas personas desaparecidas en la regi\u00f3n de la Ca\u00f1ada, por lo que pusieron a disposici\u00f3n los n\u00fameros&nbsp;<a href=\"tel:2361030329\">2361030329<\/a>&nbsp;y&nbsp;<a href=\"tel:9511942833\">9511942833<\/a>&nbsp;para dar cualquier detalle al respecto.<\/p>\n\n\n\n<p>En los primeros 18 d\u00edas del mes de enero de este 2020 se hab\u00edan reportado&nbsp;30 personas como desparecidas en territorio oaxaque\u00f1o de acuerdo con las fichas emitidas por la Unidad de B\u00fasqueda de Personas Desaparecidas y No Localizadas, dependiente de la Fiscal\u00eda General del Estado de Oaxaca.<\/p>\n\n\n\n<p>La cifra no hace m\u00e1s que crecer d\u00eda a d\u00eda, pese a las constantes denuncias de integrantes del&nbsp;Colectivo Oaxaque\u00f1os&nbsp;Unidos Exigiendo Justicia y Caminos A. C.,&nbsp;quienes iniciaron el a\u00f1o con una protesta pac\u00edfica en la capital de Oaxaca para exigir la aparici\u00f3n con vida de sus familiares desaparecidos, que se cuentan por decenas en la entidad.&nbsp;<\/p>\n\n\n\n<p>Mientras que en el caso del magisterio, en agosto del a\u00f1o marcharon de forma masiva por la capital de Oaxaca para exigir la aparici\u00f3n con vida de sus compa\u00f1eros y simpatizantes que se cuentan por decenas de acuerdo con lo que han dado a conocer y dentro de los que destacan Modesto Palotzin Moisen, Carlos Ren\u00e9 Rom\u00e1n Salazar, Guadalupe P\u00e9rez S\u00e1nchez, Aldo Gonz\u00e1lez Aguirre, Bruno Alonso Avenda\u00f1o Mart\u00ednez, Jos\u00e9 Alberto Mart\u00ednez Santiago, Fidel abril V\u00e1squez, Hannoi Edrel Cruz Cort\u00e9s, Ren\u00e9 Alejandro Cruz, Federico Cruz Morales, \u00c1lvaro Reyes Cruz.<\/p>\n","protected":false},"excerpt":{"rendered":"<p>Evlin Arag\u00f3n\/Zona Roja Oaxaca de Ju\u00e1rez, Oax., 22 de enero de 2020.-&nbsp;Gilberto Gerardo Rosas M\u00e1rquez&hellip;<\/p>\n","protected":false},"author":2,"featured_media":7939,"comment_status":"closed","ping_status":"open","sticky":false,"template":"","format":"standard","meta":{"_lmt_disableupdate":"","_lmt_disable":"","_jetpack_memberships_contains_paid_content":false,"footnotes":""},"categories":[109,47],"tags":[312],"class_list":["post-7940","post","type-post","status-publish","format-standard","has-post-thumbnail","hentry","category-minuto-a-minuto","category-zona-gris","tag-seccion-22-del-snte"],"jetpack_featured_media_url":"https:\/\/zonaroja.com.mx\/wp-content\/uploads\/2020\/01\/img_1345.jpg","jetpack_sharing_enabled":true,"_links":{"self":[{"href":"https:\/\/zonaroja.com.mx\/index.php?rest_route=\/wp\/v2\/posts\/7940","targetHints":{"allow":["GET"]}}],"collection":[{"href":"https:\/\/zonaroja.com.mx\/index.php?rest_route=\/wp\/v2\/posts"}],"about":[{"href":"https:\/\/zonaroja.com.mx\/index.php?rest_route=\/wp\/v2\/types\/post"}],"author":[{"embeddable":true,"href":"https:\/\/zonaroja.com.mx\/index.php?rest_route=\/wp\/v2\/users\/2"}],"replies":[{"embeddable":true,"href":"https:\/\/zonaroja.com.mx\/index.php?rest_route=%2Fwp%2Fv2%2Fcomments&post=7940"}],"version-history":[{"count":1,"href":"https:\/\/zonaroja.com.mx\/index.php?rest_route=\/wp\/v2\/posts\/7940\/revisions"}],"predecessor-version":[{"id":7941,"href":"https:\/\/zonaroja.com.mx\/index.php?rest_route=\/wp\/v2\/posts\/7940\/revisions\/7941"}],"wp:featuredmedia":[{"embeddable":true,"href":"https:\/\/zonaroja.com.mx\/index.php?rest_route=\/wp\/v2\/media\/7939"}],"wp:attachment":[{"href":"https:\/\/zonaroja.com.mx\/index.php?rest_route=%2Fwp%2Fv2%2Fmedia&parent=7940"}],"wp:term":[{"taxonomy":"category","embeddable":true,"href":"https:\/\/zonaroja.com.mx\/index.php?rest_route=%2Fwp%2Fv2%2Fcategories&post=7940"},{"taxonomy":"post_tag","embeddable":true,"href":"https:\/\/zonaroja.com.mx\/index.php?rest_route=%2Fwp%2Fv2%2Ftags&post=7940"}],"curies":[{"name":"wp","href":"https:\/\/api.w.org\/{rel}","templated":true}]}}