{"id":79402,"date":"2025-04-15T10:21:00","date_gmt":"2025-04-15T16:21:00","guid":{"rendered":"https:\/\/zonaroja.com.mx\/?p=79402"},"modified":"2025-04-15T10:44:01","modified_gmt":"2025-04-15T16:44:01","slug":"otra-vez-trump-impondra-aranceles-a-tomate-mexicano","status":"publish","type":"post","link":"https:\/\/zonaroja.com.mx\/?p=79402","title":{"rendered":"Otra vez Trump: impondr\u00e1 aranceles a tomate mexicano"},"content":{"rendered":"\n<p>Redacci\u00f3n\/Zona Roja Cdmx.<\/p>\n\n\n\n<p>Ciudad de M\u00e9xico, a 15 de abril de 2025.- El Departamento de Comercio de Estados Unidos anunci\u00f3 el lunes que la mayor\u00eda de los jitomates importados desde M\u00e9xico tendr\u00e1n aranceles de 20.91 por ciento desde el 14 de julio, tras retirarse de un acuerdo que, seg\u00fan afirma, no protegi\u00f3 a los productores nacionales.<\/p>\n\n\n\n<p>\u201cEsta medida permitir\u00e1 a los productores estadunidenses de jitomates competir de forma justa en el mercado\u201d, declar\u00f3 la cartera en un comunicado.<\/p>\n\n\n\n<p>En 2019, los productores mexicanos de jitomate llegaron a un acuerdo con la primera administraci\u00f3n del presidente Donald Trump para evitar una investigaci\u00f3n&nbsp;antidumping&nbsp;y poner fin a una disputa arancelaria.<\/p>\n\n\n\n<p>En aquel momento, Estados Unidos afirm\u00f3 que el acuerdo cerraba lagunas legales e inclu\u00eda un mecanismo de inspecci\u00f3n.<\/p>\n\n\n\n<p>La Secretar\u00eda de Econom\u00eda de M\u00e9xico, encargada de las negociaciones comerciales del pa\u00eds, no respondi\u00f3 de inmediato a una solicitud de comentarios.<\/p>\n\n\n\n<p>ATAQUES CONTRA MEDIOS<\/p>\n\n\n\n<p>Por otra parte, al continuar con su ofensiva contra los medios de comunicaci\u00f3n, el presidente estadunidense Donald Trump atac\u00f3 a 60 Minutes poco despu\u00e9s de que el programa de noticias de CBS emiti\u00f3 historias sobre Ucrania y Groenlandia el domingo, al se\u00f1alar que que la cadena estaba fuera de control y deber\u00eda \u00abpagar un alto precio\u00bb por ir en su contra.<\/p>\n\n\n\n<p>\u00abCasi todas las semanas, 60 Minutes&#8230; menciona el nombre &#8216;TRUMP&#8217; de manera despectiva y difamatoria, pero la &#8216;EMISI\u00d3N&#8217; de este fin de semana supera a todas\u00bb, expres\u00f3 el mandatario en su plataforma Truth Social. Hizo un llamado al presidente de la Comisi\u00f3n Federal de Comunicaciones de Estados Unidos (FCC), Brendan Carr, para que imponga multas y castigos m\u00e1ximos \u00abpor su comportamiento ilegal e il\u00edcito\u00bb.<\/p>\n\n\n\n<p>La cadena no hizo comentarios inmediatos.<\/p>\n\n\n\n<p>Trump tiene una demanda en curso de 20 mil &nbsp;millones de d\u00f3lares contra 60 Minutes por c\u00f3mo el programa edit\u00f3 una entrevista con la candidata presidencial dem\u00f3crata Kamala Harris el oto\u00f1o pasado. El presidente afirma que fue editada de manera que Harris se viera bien, algo que el noticiero niega. Sin embargo, hay informes en curso de que los abogados de Trump y la empresa matriz de CBS est\u00e1n involucrados en conversaciones de conciliaci\u00f3n.<\/p>\n\n\n\n<p>Carr y la FCC han lanzado una investigaci\u00f3n paralela sobre CBS News sobre el mismo caso, uno de varios que ha enfrentado que tambi\u00e9n involucran a ABC News, NBC, PBS, NPR y Walt Disney Co.<\/p>\n\n\n\n<p>A pesar de la batalla legal, 60 Minutes ha sido incansable en su cobertura de la administraci\u00f3n Trump desde que asumi\u00f3 el cargo por segunda vez, particularmente el corresponsal Scott Pelley. Viaj\u00f3 a Ucrania para realizar una entrevista con el presidente de ese pa\u00eds, Volodymir Zelenskyy, en el sitio de un ataque ruso donde nueve ni\u00f1os murieron a principios de este mes.<\/p>\n\n\n\n<p>En la entrevista emitida el domingo, Zelensky dijo que siente \u00ab100 por ciento\u00bb odio hacia el presidente ruso, Vladimir Putin, por la invasi\u00f3n de Ucrania, e invit\u00f3 a Trump a visitar su pa\u00eds para ver lo que se ha hecho.<\/p>\n\n\n\n<p>Tambi\u00e9n el domingo, el corresponsal Jon Wertheim inform\u00f3 desde Groenlandia sobre lo que algunas personas en esa naci\u00f3n est\u00e1n diciendo sobre el deseo de Trump de tomar el control.<\/p>\n\n\n\n<p>En su mensaje en redes sociales, Trump dijo que 60 Minutes ya no era un programa de noticias, sino \u00abun Operativo Pol\u00edtico deshonesto simplemente disfrazado de &#8216;Noticias&#8217;, y debe ser responsable de lo que han hecho y est\u00e1n haciendo\u201d.<\/p>\n\n\n\n<p>(Informaci\u00f3n de agencias en \u201cLa Jornada\u201d)<\/p>\n","protected":false},"excerpt":{"rendered":"<p>Redacci\u00f3n\/Zona Roja Cdmx. Ciudad de M\u00e9xico, a 15 de abril de 2025.- El Departamento de&hellip;<\/p>\n","protected":false},"author":2,"featured_media":79412,"comment_status":"closed","ping_status":"open","sticky":false,"template":"","format":"standard","meta":{"_lmt_disableupdate":"","_lmt_disable":"","_jetpack_memberships_contains_paid_content":false,"footnotes":""},"categories":[109,47],"tags":[1060],"class_list":["post-79402","post","type-post","status-publish","format-standard","has-post-thumbnail","hentry","category-minuto-a-minuto","category-zona-gris","tag-donald-trump"],"jetpack_featured_media_url":"https:\/\/zonaroja.com.mx\/wp-content\/uploads\/2025\/04\/img_7671-1.jpg","jetpack_sharing_enabled":true,"_links":{"self":[{"href":"https:\/\/zonaroja.com.mx\/index.php?rest_route=\/wp\/v2\/posts\/79402","targetHints":{"allow":["GET"]}}],"collection":[{"href":"https:\/\/zonaroja.com.mx\/index.php?rest_route=\/wp\/v2\/posts"}],"about":[{"href":"https:\/\/zonaroja.com.mx\/index.php?rest_route=\/wp\/v2\/types\/post"}],"author":[{"embeddable":true,"href":"https:\/\/zonaroja.com.mx\/index.php?rest_route=\/wp\/v2\/users\/2"}],"replies":[{"embeddable":true,"href":"https:\/\/zonaroja.com.mx\/index.php?rest_route=%2Fwp%2Fv2%2Fcomments&post=79402"}],"version-history":[{"count":1,"href":"https:\/\/zonaroja.com.mx\/index.php?rest_route=\/wp\/v2\/posts\/79402\/revisions"}],"predecessor-version":[{"id":79403,"href":"https:\/\/zonaroja.com.mx\/index.php?rest_route=\/wp\/v2\/posts\/79402\/revisions\/79403"}],"wp:featuredmedia":[{"embeddable":true,"href":"https:\/\/zonaroja.com.mx\/index.php?rest_route=\/wp\/v2\/media\/79412"}],"wp:attachment":[{"href":"https:\/\/zonaroja.com.mx\/index.php?rest_route=%2Fwp%2Fv2%2Fmedia&parent=79402"}],"wp:term":[{"taxonomy":"category","embeddable":true,"href":"https:\/\/zonaroja.com.mx\/index.php?rest_route=%2Fwp%2Fv2%2Fcategories&post=79402"},{"taxonomy":"post_tag","embeddable":true,"href":"https:\/\/zonaroja.com.mx\/index.php?rest_route=%2Fwp%2Fv2%2Ftags&post=79402"}],"curies":[{"name":"wp","href":"https:\/\/api.w.org\/{rel}","templated":true}]}}