{"id":79408,"date":"2025-04-15T12:36:00","date_gmt":"2025-04-15T18:36:00","guid":{"rendered":"https:\/\/zonaroja.com.mx\/?p=79408"},"modified":"2025-04-15T07:37:35","modified_gmt":"2025-04-15T13:37:35","slug":"opinion-quien-la-escucha-en-oaxaca","status":"publish","type":"post","link":"https:\/\/zonaroja.com.mx\/?p=79408","title":{"rendered":"Opini\u00f3n. \u00bfQui\u00e9n la escucha en Oaxaca?"},"content":{"rendered":"\n<p>Isidoro Yescas*<\/p>\n\n\n\n<p>En su conferencia ma\u00f1anera del jueves 10 de abril, la Presidente de la Rep\u00fablica, Claudia Sheinbaum, le record\u00f3 a la militancia de Morena y, especialmente, a quienes ocupan cargos de elecci\u00f3n popular o en la administraci\u00f3n p\u00fablica,&nbsp;que deben vivir en la honrada&nbsp;median\u00eda:&nbsp;sin lujos, sin presumir ropa de marca, viajes frecuentes (fuera del pa\u00eds) ni&nbsp;tampoco presumir&nbsp;costosas camionetas.&nbsp;<\/p>\n\n\n\n<p>Se manifest\u00f3 tambi\u00e9n por la definici\u00f3n de reglas claras para quienes aspiren a cargos de elecci\u00f3n popular para el 2027 y tambi\u00e9n para que eviten el nepotismo.&nbsp;<\/p>\n\n\n\n<p>Tres cosas que, anticip\u00f3, lo expresar\u00e1 en una carta que muy pronto enviar\u00e1 a la presidenta&nbsp;nacional&nbsp;de Morena.<\/p>\n\n\n\n<p>Mensaje presidencial que entre la casta pol\u00edtica primaveral de Oaxaca no se escuch\u00f3, ni se atender\u00e1, al menos que en lo que hace a las reglas electorales, la dirigencia nacional de Morena las convierta en obligatorias.&nbsp;<\/p>\n\n\n\n<p>\u00bfHonrada median\u00eda si los que hoy forman parte del cerrado c\u00edrculo de la&nbsp;yopecraciaprimaveral se pasan por el arco del triunfo todos los c\u00f3digos de \u00e9tica, leyes y reglas escritas y no&nbsp;escritas&nbsp;si&nbsp;de saquear el erario se trata? \u00bfEvitar el nepotismo,&nbsp;cuando el Gobierno&nbsp;del Estado de Oaxaca es ejemplo a nivel nacional de c\u00f3mo&nbsp;el abuso de poder es regla infalible para&nbsp;que&nbsp;los&nbsp;apellidos Jara, Bola\u00f1os,&nbsp;Estrada,&nbsp;Romero, V\u00e1squez , etc. suenen y est\u00e9n presentes en pr\u00e1cticamente todos los niveles de la administraci\u00f3n p\u00fablica estatal,&nbsp;en la estructura de Morena&nbsp;y en los tres poderes?<\/p>\n\n\n\n<p>Las palabras e intenciones de la presidenta Sheinbaum para&nbsp;devolverle su&nbsp;sentido social y \u00e9tico al movimiento que hoy es gobierno tienen eco en la gente de abajo que, con todo y sus yerros en el ejercicio del poder, mantiene su confianza en la 4T.<\/p>\n\n\n\n<p>Sin embargo, no ocurre lo mismo entre un importante segmento de la nueva clase pol\u00edtica que hoy gobiernan el pa\u00eds, los estados y municipios, o&nbsp;que&nbsp;son representantes populares.&nbsp;<\/p>\n\n\n\n<p>La honrada median\u00eda juarista choca de frente con la corrupci\u00f3n, el tr\u00e1fico de influencias, el abuso de poder y el nepotismo en sus dos vertientes: para la designaci\u00f3n-eleccci\u00f3n&nbsp;de candidatos o candidatas a cargos de elecci\u00f3n popular y para la&nbsp;designaci\u00f3n de funcionarios y funcionarias de la administraci\u00f3n p\u00fablica.<\/p>\n\n\n\n<p>Desde el palacio primaveral a cada rato se fustiga al pasado reciente, y con mayor \u00e9nfasis a la administraci\u00f3n&nbsp;muratista, de desv\u00edo de recursos p\u00fablicos, endeudamiento&nbsp;p\u00fablico, despojos&nbsp;patrimoniales, enriquecimiento il\u00edcito, etc. Y no mienten. El problema es que quienes desde diciembre del 2022 tomaron las riendas de la entidad no solamente&nbsp;hacen lo mismo sino ya superaron a los&nbsp;Murat &nbsp;en&nbsp;grado superlativo.<\/p>\n\n\n\n<p>En el reciente Foro en Defensa del Territorio y la Propiedad Social en Oaxaca, convocada por m\u00e1s de un centenar de autoridades comunitarias, agrarias y&nbsp;municipales&nbsp;,as\u00ed&nbsp;como organizaciones sociales e ind\u00edgenas,&nbsp;se denunci\u00f3 que con la primavera oaxaque\u00f1a hoy \u201cvivimos un despojo a cielo abierto donde la ilegalidad se conjuga con la violencia del crimen organizado\u201d. &nbsp;<\/p>\n\n\n\n<p>A trav\u00e9s de un pronunciamiento p\u00fablico, denunciaron como una amenaza al pueblo de Oaxaca&nbsp;el proyecto de \u201cnueva constituci\u00f3n\u201d que se redacta desde el Poder Ejecutivo&nbsp;y&nbsp;que, por lo dem\u00e1s, \u201cha tenido un proceso&nbsp;opaco, viciada y sin consulta a los pueblos y comunidades ind\u00edgenas\u201d.<\/p>\n\n\n\n<p>Hoy Oaxaca no vive ninguna primavera, sino un acelerado proceso de descomposici\u00f3n social y pol\u00edtica que lo mismo se expresa en un&nbsp;ejercicio&nbsp;autocr\u00e1tico&nbsp;del poder&nbsp;y&nbsp;una &nbsp;corrupci\u00f3n galopante en&nbsp;todos los niveles&nbsp;que&nbsp;en el abandono de los pueblos y una creciente inseguridad&nbsp;y violencia criminal.<\/p>\n\n\n\n<p>Y nada parece anticipar un cambio de coordenadas. Al contrario, vienen nuevos golpes al Estado de derecho y a la democracia con una Constituci\u00f3n&nbsp;Pol\u00edtica&nbsp;a modo,&nbsp;carente de legitimidad social y pol\u00edtica,&nbsp;y la imposici\u00f3n de&nbsp;proyectos y&nbsp;megaproyectos que solamente abrir\u00e1n nuevos frentes de conflicto.&nbsp;<\/p>\n\n\n\n<p>*Periodista y maestro en Sociolog\u00eda.<\/p>\n\n\n\n<p>X:@YescasIsidoro<\/p>\n","protected":false},"excerpt":{"rendered":"<p>Isidoro Yescas* En su conferencia ma\u00f1anera del jueves 10 de abril, la Presidente de la&hellip;<\/p>\n","protected":false},"author":2,"featured_media":78328,"comment_status":"closed","ping_status":"open","sticky":false,"template":"","format":"standard","meta":{"_lmt_disableupdate":"","_lmt_disable":"","_jetpack_memberships_contains_paid_content":false,"footnotes":""},"categories":[456,109],"tags":[3998],"class_list":["post-79408","post","type-post","status-publish","format-standard","has-post-thumbnail","hentry","category-columna","category-minuto-a-minuto","tag-isidoro-yescas-martinez"],"jetpack_featured_media_url":"https:\/\/zonaroja.com.mx\/wp-content\/uploads\/2025\/03\/Isidoro-Yescas-Martinez.jpg","jetpack_sharing_enabled":true,"_links":{"self":[{"href":"https:\/\/zonaroja.com.mx\/index.php?rest_route=\/wp\/v2\/posts\/79408","targetHints":{"allow":["GET"]}}],"collection":[{"href":"https:\/\/zonaroja.com.mx\/index.php?rest_route=\/wp\/v2\/posts"}],"about":[{"href":"https:\/\/zonaroja.com.mx\/index.php?rest_route=\/wp\/v2\/types\/post"}],"author":[{"embeddable":true,"href":"https:\/\/zonaroja.com.mx\/index.php?rest_route=\/wp\/v2\/users\/2"}],"replies":[{"embeddable":true,"href":"https:\/\/zonaroja.com.mx\/index.php?rest_route=%2Fwp%2Fv2%2Fcomments&post=79408"}],"version-history":[{"count":1,"href":"https:\/\/zonaroja.com.mx\/index.php?rest_route=\/wp\/v2\/posts\/79408\/revisions"}],"predecessor-version":[{"id":79409,"href":"https:\/\/zonaroja.com.mx\/index.php?rest_route=\/wp\/v2\/posts\/79408\/revisions\/79409"}],"wp:featuredmedia":[{"embeddable":true,"href":"https:\/\/zonaroja.com.mx\/index.php?rest_route=\/wp\/v2\/media\/78328"}],"wp:attachment":[{"href":"https:\/\/zonaroja.com.mx\/index.php?rest_route=%2Fwp%2Fv2%2Fmedia&parent=79408"}],"wp:term":[{"taxonomy":"category","embeddable":true,"href":"https:\/\/zonaroja.com.mx\/index.php?rest_route=%2Fwp%2Fv2%2Fcategories&post=79408"},{"taxonomy":"post_tag","embeddable":true,"href":"https:\/\/zonaroja.com.mx\/index.php?rest_route=%2Fwp%2Fv2%2Ftags&post=79408"}],"curies":[{"name":"wp","href":"https:\/\/api.w.org\/{rel}","templated":true}]}}