{"id":79410,"date":"2025-04-15T13:39:00","date_gmt":"2025-04-15T19:39:00","guid":{"rendered":"https:\/\/zonaroja.com.mx\/?p=79410"},"modified":"2025-04-15T07:39:55","modified_gmt":"2025-04-15T13:39:55","slug":"oscuros-pasados-en-candidatos-a-un-cargo-en-poder-judicial-federal","status":"publish","type":"post","link":"https:\/\/zonaroja.com.mx\/?p=79410","title":{"rendered":"Oscuros pasados en candidatos a un cargo en Poder Judicial federal"},"content":{"rendered":"\n<p>Redacci\u00f3n\/Zona Roja Cdmx.<\/p>\n\n\n\n<p>Ciudad de M\u00e9xico, a 15 de abril de 2025.- Tras dos semanas del inicio de las in\u00e9ditas campa\u00f1as judiciales de M\u00e9xico, ya hay m\u00e1s de una docena de candidatos acusados por organizaciones civiles de tener v\u00ednculos con el narcotr\u00e1fico, asesinatos o criminales, lo que muestra los riesgos de elegir por voto popular a jueces, denuncian varias ONG defensoras de los derechos civiles.<\/p>\n\n\n\n<p>Ante la elecci\u00f3n del 1 de junio, el grupo Defensorxs document\u00f3 13 \u201ccandidatos relacionados con el crimen organizado, delitos sexuales, sectas pol\u00edtico-religiosas y otras irregularidades\u201d en el sitio \u2018Justicia en la mira\u2019, donde resalta Silvia Roc\u00edo Delgado, exabogada de Joaqu\u00edn \u2018El Chapo\u2019 Guzm\u00e1n Loera.<\/p>\n\n\n\n<p>Delgado, candidata a jueza penal local en Chihuahua, se integr\u00f3 al equipo de defensa del \u2018Chapo\u2019 en 2016, cuando \u201csu papel consisti\u00f3 en servir como enlace directo con Guzm\u00e1n Loera, revisando amparos interpuestos y manteni\u00e9ndolo informado sobre su situaci\u00f3n jur\u00eddica\u201d, seg\u00fan la asociaci\u00f3n.<\/p>\n\n\n\n<p>Tambi\u00e9n sobresale Francisco Herrera Franco,&nbsp;candidato a juez penal federal de Michoac\u00e1n, donde est\u00e1 acusado de pactos con criminales, le apodaban \u201cel fiscal del terror\u201d cuando ocup\u00f3 tal cargo (2020-2022) y est\u00e1 se\u00f1alado por posible implicaci\u00f3n en el asesinato de los periodistas Roberto Toledo y Armando Linares en 2022.<\/p>\n\n\n\n<p>\u201cNo podemos permitir que quienes cuentan con serias acusaciones de corrupci\u00f3n, violencia y complicidad con el crimen organizado intenten ser ahora los principales responsables de la impartici\u00f3n de justicia\u201d, denunciaron la agrupaci\u00f3n y otras siete en un pronunciamiento.<\/p>\n\n\n\n<p>&nbsp;La justicia envuelta en pol\u00e9mica<\/p>\n\n\n\n<p>La pol\u00e9mica escal\u00f3 esta semana porque Nicollino Cangiamilla, candidato a magistrado en Sonora, denunci\u00f3 ante el Instituto Nacional Electoral (INE) al colectivo Ni Una M\u00e1s Hermosillo, que lo acusa de negligencia como director del sistema penitenciario local, donde falleci\u00f3 la joven Paula Josette durante una visita conyugal irregular.<\/p>\n\n\n\n<p>Briseida Arizona Velarde, madre de la v\u00edctima, lament\u00f3 en una entrevista con EFE que el INE, encargado de organizar los primeros comicios populares de jueces, magistrados y la Suprema Corte, permiti\u00f3 la candidatura del exfuncionario, acusado de omisiones en los protocolos de seguridad de este y otros casos.<\/p>\n\n\n\n<p>\u201cEs una burla, muchos candidatos incumplen requisitos m\u00ednimos del perfil al puesto que aspiran, en funciones anteriores violentaron derechos humanos, hubo omisiones, negligencias, no actuaron conforme a su responsabilidad p\u00fablica, es lamentable que por desconocimiento vayamos a votar, sin conocer a los candidatos\u201d, expres\u00f3 la madre.<\/p>\n\n\n\n<p>Ni Una M\u00e1s Hermosillo denunci\u00f3 las presuntas omisiones de Cangiamilla, quien tuvo a su cargo las c\u00e1rceles de Sonora hasta su remoci\u00f3n en 2024, cuando Paula Josette muri\u00f3 en un penal a los 23 a\u00f1os, supuestamente por infarto, aunque un peritaje posterior indic\u00f3 signos de violencia y ocho exfuncionarios quedaron detenidos.<\/p>\n\n\n\n<p>El candidato Nicollino denunci\u00f3 al colectivo ante el INE para exigir que identifique a todas las activistas y dejen de evidenciarlo.<\/p>\n\n\n\n<p>\u201cLos colectivos alzaron la voz, muchos aspirantes no cumplen requisitos por su historial y el INE, antes de autorizar candidaturas, deber\u00eda investigar la trayectoria de aspirantes\u201d, opin\u00f3 Arizona Velarde.<\/p>\n\n\n\n<p>Una integrante del colectivo, que prefiri\u00f3 el anonimato, denunci\u00f3 que una mujer fue \u201chostigada en documentos oficiales llevados a su casa donde el INE exige los nombres y direcciones de feministas\u201d.<\/p>\n\n\n\n<p>\u201cNo deber\u00edan perseguir activistas que buscamos un cambio en el Estado, sino perseguir a delincuentes que buscan otro cargo, cuando incumplieron sus responsabilidades\u201d, afirm\u00f3 a EFE.<\/p>\n\n\n\n<p>A la protesta se unieron m\u00e1s de 20 agrupaciones que avisan que no callar\u00e1n ni permitir\u00e1n que el exfuncionario llegue a magistrado.<\/p>\n\n\n\n<p>Casi 100 millones de electores pueden elegir el 1 de junio 881 cargos federales de entre 3 mil 422 candidaturas, incluyendo la Suprema Corte, tras una reforma constitucional promulgada en septiembre por el entonces presidente, Andr\u00e9s Manuel L\u00f3pez Obrador (2018-2024).<\/p>\n\n\n\n<p>Cuando comenzaron las campa\u00f1as, el 30 de marzo, la actual presidenta Claudia Sheinbaum sostuvo que \u201cM\u00e9xico ser\u00e1 el pa\u00eds m\u00e1s democr\u00e1tico del mundo\u201d porque votar\u00e1 a los tres poderes, pero la oposici\u00f3n alert\u00f3 de que permitir\u00e1n la injerencia del Ejecutivo y el crimen organizado en la justicia.<\/p>\n\n\n\n<p>(Con informaci\u00f3n de EFE, en L\u00f3pez-D\u00f3riga Digital)<\/p>\n","protected":false},"excerpt":{"rendered":"<p>Redacci\u00f3n\/Zona Roja Cdmx. Ciudad de M\u00e9xico, a 15 de abril de 2025.- Tras dos semanas&hellip;<\/p>\n","protected":false},"author":2,"featured_media":74782,"comment_status":"closed","ping_status":"open","sticky":false,"template":"","format":"standard","meta":{"_lmt_disableupdate":"","_lmt_disable":"","_jetpack_memberships_contains_paid_content":false,"footnotes":""},"categories":[109,47],"tags":[],"class_list":["post-79410","post","type-post","status-publish","format-standard","has-post-thumbnail","hentry","category-minuto-a-minuto","category-zona-gris"],"jetpack_featured_media_url":"https:\/\/zonaroja.com.mx\/wp-content\/uploads\/2024\/11\/Tombola-poder-judicial-eleccion.jpeg","jetpack_sharing_enabled":true,"_links":{"self":[{"href":"https:\/\/zonaroja.com.mx\/index.php?rest_route=\/wp\/v2\/posts\/79410","targetHints":{"allow":["GET"]}}],"collection":[{"href":"https:\/\/zonaroja.com.mx\/index.php?rest_route=\/wp\/v2\/posts"}],"about":[{"href":"https:\/\/zonaroja.com.mx\/index.php?rest_route=\/wp\/v2\/types\/post"}],"author":[{"embeddable":true,"href":"https:\/\/zonaroja.com.mx\/index.php?rest_route=\/wp\/v2\/users\/2"}],"replies":[{"embeddable":true,"href":"https:\/\/zonaroja.com.mx\/index.php?rest_route=%2Fwp%2Fv2%2Fcomments&post=79410"}],"version-history":[{"count":1,"href":"https:\/\/zonaroja.com.mx\/index.php?rest_route=\/wp\/v2\/posts\/79410\/revisions"}],"predecessor-version":[{"id":79411,"href":"https:\/\/zonaroja.com.mx\/index.php?rest_route=\/wp\/v2\/posts\/79410\/revisions\/79411"}],"wp:featuredmedia":[{"embeddable":true,"href":"https:\/\/zonaroja.com.mx\/index.php?rest_route=\/wp\/v2\/media\/74782"}],"wp:attachment":[{"href":"https:\/\/zonaroja.com.mx\/index.php?rest_route=%2Fwp%2Fv2%2Fmedia&parent=79410"}],"wp:term":[{"taxonomy":"category","embeddable":true,"href":"https:\/\/zonaroja.com.mx\/index.php?rest_route=%2Fwp%2Fv2%2Fcategories&post=79410"},{"taxonomy":"post_tag","embeddable":true,"href":"https:\/\/zonaroja.com.mx\/index.php?rest_route=%2Fwp%2Fv2%2Ftags&post=79410"}],"curies":[{"name":"wp","href":"https:\/\/api.w.org\/{rel}","templated":true}]}}