{"id":7942,"date":"2020-01-22T18:08:55","date_gmt":"2020-01-23T00:08:55","guid":{"rendered":"http:\/\/www.zonaroja.com.mx\/?p=7942"},"modified":"2020-01-22T18:09:35","modified_gmt":"2020-01-23T00:09:35","slug":"liberan-solo-a-dos-en-ayotzintepec-van-72-horas-de-retencion-del-edil","status":"publish","type":"post","link":"https:\/\/zonaroja.com.mx\/?p=7942","title":{"rendered":"Liberan s\u00f3lo a dos en Ayotzintepec; van 72 horas de retenci\u00f3n del edil"},"content":{"rendered":"\n<p>Yuridiana\nSosa\/Zona Roja.<\/p>\n\n\n\n<p>San Juan\nBautista Tuxtepec, Oax., 22 de enero de 2020.- De las 19 personas retenidas en\nel municipio de Ayotzintepec, de la regi\u00f3n de la Cuenca, desde el pasado\ndomingo, s\u00f3lo dos fueron liberadas por razones de salud.<\/p>\n\n\n\n<p>El delegado\nregional de la Secretar\u00eda General de Gobierno de Oaxaca (Segego), Sergio Mario\nAlamilla, confirm\u00f3 que el presidente municipal, V\u00edctor Mendoza Velasco, sigue\nretenido junto con otras 16 personas, quienes se encuentran estables de salud.<\/p>\n\n\n\n<p>La madrugada\nde este mi\u00e9rcoles un hombre y una mujer que padece de c\u00e1ncer fueron liberados\npara recibir atenci\u00f3n m\u00e9dica, lo cual fue la \u00fanica negociaci\u00f3n que se concret\u00f3\ncon la poblaci\u00f3n inconforme.<\/p>\n\n\n\n<p>Desde este\nmartes, integrantes de una comisi\u00f3n que representa a la parte molesta entabla\nun di\u00e1logo con autoridades estatales en la capital del estado, donde exigen en\nprimer t\u00e9rmino que Mendoza Velazco deje el cargo, afirm\u00f3 el responsable de\nSegego en la Cuenca.<\/p>\n\n\n\n<p>A su vez,\notro grupo de habitantes se manifest\u00f3 en Tuxtepec la tarde de ayer para exigir\na las autoridades la pronta liberaci\u00f3n del resto de los habitantes retenidos en\nlos separos municipales, as\u00ed como ayuda m\u00e9dica.<\/p>\n\n\n\n<p>La petici\u00f3n\nse atendi\u00f3, dijo funcionario, motivo por el cual se envi\u00f3 como apoyo al Heroico\nCuerpo de Bomberos de Tuxtepec.<\/p>\n\n\n\n<p>Sin embargo,\nlos elementos de rescate tambi\u00e9n fueron retenidos por varias horas, dej\u00e1ndolos\nen libertad hasta la madrugada de este mi\u00e9rcoles al igual que a los enfermos.<\/p>\n\n\n\n<p>Mientras que\nel edil permanece retenido, la poblaci\u00f3n que desaprueba las retenciones acus\u00f3\nal diputado de Morena \u00c1ngel Dom\u00ednguez Escobar, por el Distrito III al que\npertenece Ayotzintepec, de asesorar a la s\u00edndica Ana Cruz para encabezar el\nconflicto.<\/p>\n\n\n\n<p>El diputado\nse deslind\u00f3 del problema, pero sentenci\u00f3 el regreso del edil para retomar sus\nfunciones como presidente municipal tras una ausencia de tres meses por la\nagresi\u00f3n que protagoniz\u00f3 contra un ciudadano de su poblaci\u00f3n.<\/p>\n\n\n\n<p>El domingo,\nel edil V\u00edctor Mendoza arrib\u00f3 a la plaza de la poblaci\u00f3n para mostrar a la\ncomunidad que el Tribunal Estatal Electoral de Oaxaca le otorgaba el derecho de\nintegrarse nuevamente al Cabildo como primer concejal, esto luego que los\nregidores interpusieron un procedimiento ante el Congreso del Estado para pedir\nsu destituci\u00f3n.<\/p>\n\n\n\n<p>En el\nencuentro con los ciudadanos el presiente intent\u00f3 explicar la falta de obra\np\u00fablica y el destino de algunos ingresos p\u00fablicos, pero la poblaci\u00f3n y\nautoridades enardecieron por su llegada, derivando en su retenci\u00f3n y la de\nalgunas personas que lo trataron de proteger.<\/p>\n","protected":false},"excerpt":{"rendered":"<p>Yuridiana Sosa\/Zona Roja. San Juan Bautista Tuxtepec, Oax., 22 de enero de 2020.- De las&hellip;<\/p>\n","protected":false},"author":2,"featured_media":7832,"comment_status":"closed","ping_status":"open","sticky":false,"template":"","format":"standard","meta":{"_lmt_disableupdate":"","_lmt_disable":"","_jetpack_memberships_contains_paid_content":false,"footnotes":""},"categories":[109,47],"tags":[1301,1308],"class_list":["post-7942","post","type-post","status-publish","format-standard","has-post-thumbnail","hentry","category-minuto-a-minuto","category-zona-gris","tag-ayotzintepec","tag-victor-mendoza-velasco"],"jetpack_featured_media_url":"https:\/\/zonaroja.com.mx\/wp-content\/uploads\/2020\/01\/Edil-Ayotzintepec.jpg","jetpack_sharing_enabled":true,"_links":{"self":[{"href":"https:\/\/zonaroja.com.mx\/index.php?rest_route=\/wp\/v2\/posts\/7942","targetHints":{"allow":["GET"]}}],"collection":[{"href":"https:\/\/zonaroja.com.mx\/index.php?rest_route=\/wp\/v2\/posts"}],"about":[{"href":"https:\/\/zonaroja.com.mx\/index.php?rest_route=\/wp\/v2\/types\/post"}],"author":[{"embeddable":true,"href":"https:\/\/zonaroja.com.mx\/index.php?rest_route=\/wp\/v2\/users\/2"}],"replies":[{"embeddable":true,"href":"https:\/\/zonaroja.com.mx\/index.php?rest_route=%2Fwp%2Fv2%2Fcomments&post=7942"}],"version-history":[{"count":1,"href":"https:\/\/zonaroja.com.mx\/index.php?rest_route=\/wp\/v2\/posts\/7942\/revisions"}],"predecessor-version":[{"id":7943,"href":"https:\/\/zonaroja.com.mx\/index.php?rest_route=\/wp\/v2\/posts\/7942\/revisions\/7943"}],"wp:featuredmedia":[{"embeddable":true,"href":"https:\/\/zonaroja.com.mx\/index.php?rest_route=\/wp\/v2\/media\/7832"}],"wp:attachment":[{"href":"https:\/\/zonaroja.com.mx\/index.php?rest_route=%2Fwp%2Fv2%2Fmedia&parent=7942"}],"wp:term":[{"taxonomy":"category","embeddable":true,"href":"https:\/\/zonaroja.com.mx\/index.php?rest_route=%2Fwp%2Fv2%2Fcategories&post=7942"},{"taxonomy":"post_tag","embeddable":true,"href":"https:\/\/zonaroja.com.mx\/index.php?rest_route=%2Fwp%2Fv2%2Ftags&post=7942"}],"curies":[{"name":"wp","href":"https:\/\/api.w.org\/{rel}","templated":true}]}}