{"id":79425,"date":"2025-04-16T07:02:03","date_gmt":"2025-04-16T13:02:03","guid":{"rendered":"https:\/\/zonaroja.com.mx\/?p=79425"},"modified":"2025-04-16T07:02:05","modified_gmt":"2025-04-16T13:02:05","slug":"conmemoran-en-el-congreso-103-aniversario-de-constitucion","status":"publish","type":"post","link":"https:\/\/zonaroja.com.mx\/?p=79425","title":{"rendered":"Conmemoran en el Congreso 103 aniversario de Constituci\u00f3n\u00a0"},"content":{"rendered":"\n<p>Redacci\u00f3n\/Zona Roja.<\/p>\n\n\n\n<p>Oaxaca de Ju\u00e1rez, Oax., a 15 de abril de 2025.- Con motivo del 103 aniversario de la promulgaci\u00f3n de la Constituci\u00f3n Pol\u00edtica del Estado Libre y Soberano de Oaxaca, el Congreso del Estado llev\u00f3 a cabo la sesi\u00f3n solemne, en la cual se destac\u00f3 la trascendencia hist\u00f3rica y la vigencia de este documento jur\u00eddico que ha regido la vida pol\u00edtica, social y administrativa de la entidad desde 1922.<\/p>\n\n\n\n<p>Este acto protocolario reuni\u00f3 a representantes de los tres poderes del Estado quienes reconocieron el esp\u00edritu transformador que dio origen a esta Ley Suprema, as\u00ed como la necesidad de adecuarla a los retos del presente, con base en la participaci\u00f3n ciudadana, la inclusi\u00f3n y el respeto a la diversidad cultural.<\/p>\n\n\n\n<p>Al respecto, el secretario t\u00e9cnico de la Comisi\u00f3n Estatal para la Conmemoraci\u00f3n del Bicentenario de la primera Constituci\u00f3n del Estado Libre y Soberano de Oaxaca, Ra\u00fal \u00c1vila Ortiz, hizo un recorrido por la historia de las diferentes Constituciones que han regido la entidad, y se\u00f1al\u00f3 que, a partir de 1980 registr\u00f3 un gran n\u00famero de modificaciones como resultado de las luchas sociales.<\/p>\n\n\n\n<p>La presidenta de la Mesa Directiva de la LXVI Legislatura, diputada Antonia Natividad D\u00edaz Jim\u00e9nez, resalt\u00f3 que la citada Carta Magna de 1922 marc\u00f3 un parteaguas al ser un s\u00edmbolo de pluralidad y justicia.<\/p>\n\n\n\n<p>NUEVO MARCO LEGAL<\/p>\n\n\n\n<p>Por su parte, el presidente de la Junta de Coordinaci\u00f3n Pol\u00edtica (Jucopo), diputado Benjam\u00edn Viveros Montalvo, expres\u00f3 la relevancia hist\u00f3rica de esta norma fundamental, concebida en el contexto de un M\u00e9xico posrevolucionario que sent\u00f3 las bases para garantizar el orden, la gobernabilidad y la paz social en los albores del siglo XX, siendo reflejo del esfuerzo de generaciones que, desde sus inicios, contribuyeron a construir un Estado con principios democr\u00e1ticos y respeto a los derechos.<\/p>\n\n\n\n<p>Asimismo, precis\u00f3 que, si bien este documento ha guiado la vida pol\u00edtica y administrativa de la entidad durante m\u00e1s de un siglo, los nuevos tiempos exigen un marco legal m\u00e1s din\u00e1mico, inclusivo y acorde con las necesidades actuales, por ello, celebr\u00f3 el impulso del mandatario estatal para crear un nuevo texto constitucional que recoja el sentir del pueblo de Oaxaca.<\/p>\n\n\n\n<p>En representaci\u00f3n de la presidenta del Tribunal Superior de Justicia (TSJ) del Estado, magistrada Berenice Ram\u00edrez Jim\u00e9nez, el magistrado Alejandro Magno Gonz\u00e1lez Antonio enfatiz\u00f3 la colaboraci\u00f3n arm\u00f3nica entre los poderes Ejecutivo, Legislativo y Judicial, para consolidar una nueva ordenanza moderna, representativa y vanguardista, que ser\u00e1 un referente nacional.<\/p>\n\n\n\n<p>El titular de la Consejer\u00eda Jur\u00eddica y Asistencia Legal del Gobierno del Estado, Geovany V\u00e1squez Sagrero, quien acudi\u00f3 con la representaci\u00f3n del gobernador, puntualiz\u00f3 que este cambio implica necesariamente escuchar a los pueblos originarios, valorar su historia y respetar su identidad.<\/p>\n\n\n\n<p>De ah\u00ed que se pronunci\u00f3 por construir un documento que refleje aut\u00e9nticamente la pluralidad y diversidad de Oaxaca, superando modelos autoritarios y fortaleciendo el debate democr\u00e1tico. \u201cCon el pueblo todo, sin el pueblo nada\u201d, expres\u00f3.<\/p>\n\n\n\n<p>CLAUSURAN PERIODO<\/p>\n\n\n\n<p>Por otra parte, con fundamento en lo dispuesto por los art\u00edculos 9 y 10 de la Ley Org\u00e1nica del Poder Legislativo, siendo las 14:21 horas, el Parlamento del Congreso de Oaxaca realiz\u00f3 la clausura del Primer Periodo Ordinario de Sesiones correspondiente al primer a\u00f1o de ejercicio constitucional de la Sexag\u00e9sima Sexta Legislatura Local.<\/p>\n\n\n\n<p>La presidenta de la Mesa Directiva, diputada Antonia Natividad D\u00edaz Jim\u00e9nez dio cuenta del trabajo y acciones legislativas que esta soberan\u00eda ha desempe\u00f1ado durante estos cinco meses que contribuyeron a construir un Congreso Abierto, Participativo, Plural y Eficiente, a beneficio de las y los oaxaque\u00f1os de las ocho regiones con fundamento en la fracci\u00f3n XI del art\u00edculo 43 del ya citado ordenamiento jur\u00eddico.<\/p>\n\n\n\n<p>Destac\u00f3 que durante este Primer Periodo Ordinario de Sesiones se desarrollaron 71 Sesiones Plenarias desglosadas de la siguiente manera: una Sesi\u00f3n de Instalaci\u00f3n, 21 Sesiones Ordinarias, 35 Sesiones Extraordinarias, seis Sesiones Extraordinarias Virtuales y ocho Sesiones Solemnes; asimismo, fueron turnados 428 asuntos, de los cuales 283 fueron iniciativas con Proyecto de Decreto, 145 Proposiciones con Punto de Acuerdo y Acuerdos Parlamentarios.<\/p>\n\n\n\n<p>Adem\u00e1s, dijo, que fueron aprobados 850 resoluciones, de las cuales 655 fueron decretos, destacando 10 sobre aprobaciones de minutas, 31 sobre reformas, adiciones, y derogaciones a leyes secundarias, cinco respecto al Paquete Fiscal, 570 sobre Leyes de Ingresos Municipales, siete de reconocimiento de N\u00facleo Rural y elevaci\u00f3n de categor\u00eda, entre otros.<\/p>\n\n\n\n<p>Y 195 acuerdos, dentro de los cuales se encuentran tres correspondientes a la integraci\u00f3n y sustituci\u00f3n de Comisiones Permanentes, cuatro de comparecencias y reprogramaciones de \u00e9stas, 54 exhortos, 116 de preclusi\u00f3n de archivos de expedientes, principalmente.<\/p>\n\n\n\n<p>DEBER CUMPLIDO<\/p>\n\n\n\n<p>Al hacer uso de la tribuna, el presidente de la Junta de Coordinaci\u00f3n Pol\u00edtica (Jucopo), diputado Benjam\u00edn Viveros Montalvo resalt\u00f3 que esta culminaci\u00f3n de actividades engloba aprendizajes, trabajos, debates importantes, diferencias, acuerdos, avances y responsabilidades con muchas personas que esperan de este Congreso m\u00e1s que palabras, resultados.<\/p>\n\n\n\n<p>El Coordinador del Grupo Parlamentario de Morena, refiri\u00f3 que han cumplido con una parte del deber con el impulso de iniciativas, demostrando que, a pesar de las diferencias la democracia funciona cuando se ejerce con respeto, firmeza y convicci\u00f3n.<\/p>\n\n\n\n<p>Sin embargo, el legislador consider\u00f3 importante la autocr\u00edtica y reconocer lo que falta por hacer \u201choy no se trata de cerrar un periodo legislativo, se trata de preguntarnos con honestidad, \u00bfestamos siendo \u00fatiles, estamos a la altura?, porque cada vez que miramos para otro lado, cada vez que dejamos pasar una injusticia, que olvidamos que estamos aqu\u00ed, se debilita la confianza de esta instituci\u00f3n y sin confianza no hay democracia que resista\u201d, puntualiz\u00f3.<\/p>\n\n\n\n<p>Extern\u00f3 que la labor legislativa no se hace desde el ego, sino desde la escucha, el compromiso y el respeto por quien piensa distinto, adem\u00e1s, que la historia no se escribe con discursos, sino con decisiones que tendr\u00e1n eco en las calles, hogares y territorios que representan. Por lo que hizo el llamado a todas y todos los representantes populares a seguir trabajando con responsabilidad, valent\u00eda y conciencia.<\/p>\n\n\n\n<p>Cabe destacar que el Segundo Periodo Ordinario de Sesiones se reanuda el 01 de julio de 2025.<\/p>\n","protected":false},"excerpt":{"rendered":"<p>Redacci\u00f3n\/Zona Roja. Oaxaca de Ju\u00e1rez, Oax., a 15 de abril de 2025.- Con motivo del&hellip;<\/p>\n","protected":false},"author":2,"featured_media":79429,"comment_status":"closed","ping_status":"open","sticky":false,"template":"","format":"standard","meta":{"_lmt_disableupdate":"","_lmt_disable":"","_jetpack_memberships_contains_paid_content":false,"footnotes":""},"categories":[109,46],"tags":[303],"class_list":["post-79425","post","type-post","status-publish","format-standard","has-post-thumbnail","hentry","category-minuto-a-minuto","category-zona-blanca","tag-congreso-del-estado-de-oaxaca"],"jetpack_featured_media_url":"https:\/\/zonaroja.com.mx\/wp-content\/uploads\/2025\/04\/Sesion-Solemne-103-anos-Constitucion-Oax-1.jpeg","jetpack_sharing_enabled":true,"_links":{"self":[{"href":"https:\/\/zonaroja.com.mx\/index.php?rest_route=\/wp\/v2\/posts\/79425","targetHints":{"allow":["GET"]}}],"collection":[{"href":"https:\/\/zonaroja.com.mx\/index.php?rest_route=\/wp\/v2\/posts"}],"about":[{"href":"https:\/\/zonaroja.com.mx\/index.php?rest_route=\/wp\/v2\/types\/post"}],"author":[{"embeddable":true,"href":"https:\/\/zonaroja.com.mx\/index.php?rest_route=\/wp\/v2\/users\/2"}],"replies":[{"embeddable":true,"href":"https:\/\/zonaroja.com.mx\/index.php?rest_route=%2Fwp%2Fv2%2Fcomments&post=79425"}],"version-history":[{"count":1,"href":"https:\/\/zonaroja.com.mx\/index.php?rest_route=\/wp\/v2\/posts\/79425\/revisions"}],"predecessor-version":[{"id":79430,"href":"https:\/\/zonaroja.com.mx\/index.php?rest_route=\/wp\/v2\/posts\/79425\/revisions\/79430"}],"wp:featuredmedia":[{"embeddable":true,"href":"https:\/\/zonaroja.com.mx\/index.php?rest_route=\/wp\/v2\/media\/79429"}],"wp:attachment":[{"href":"https:\/\/zonaroja.com.mx\/index.php?rest_route=%2Fwp%2Fv2%2Fmedia&parent=79425"}],"wp:term":[{"taxonomy":"category","embeddable":true,"href":"https:\/\/zonaroja.com.mx\/index.php?rest_route=%2Fwp%2Fv2%2Fcategories&post=79425"},{"taxonomy":"post_tag","embeddable":true,"href":"https:\/\/zonaroja.com.mx\/index.php?rest_route=%2Fwp%2Fv2%2Ftags&post=79425"}],"curies":[{"name":"wp","href":"https:\/\/api.w.org\/{rel}","templated":true}]}}