{"id":79431,"date":"2025-04-16T08:15:00","date_gmt":"2025-04-16T14:15:00","guid":{"rendered":"https:\/\/zonaroja.com.mx\/?p=79431"},"modified":"2025-04-16T07:09:41","modified_gmt":"2025-04-16T13:09:41","slug":"otra-vez-el-istmo-asesinan-a-balazos-a-un-joven","status":"publish","type":"post","link":"https:\/\/zonaroja.com.mx\/?p=79431","title":{"rendered":"Otra vez el Istmo: asesinan a balazos a un joven"},"content":{"rendered":"\n<p>Raymundo Morales\/Zona Roja.<\/p>\n\n\n\n<p>Oaxaca de Ju\u00e1rez, Oax., a 16 de abril de 2025.- Otra vez la violencia se volvi\u00f3 a recrudecer en la regi\u00f3n del Istmo de Tehuantepec.<\/p>\n\n\n\n<p>Anoche en el municipio de Ciudad Ixtepec se registr\u00f3 un ataque armado, que dej\u00f3 una persona del sexo masculino sin vida.<\/p>\n\n\n\n<p>El hecho ocurri\u00f3 en la calle Galeana del barrio Tepache, en que sujetos armados acribillaron a la v\u00edctima, identificada como Ren\u00e9 A. R., de 20 a\u00f1os de edad, cuando se trasladaba a bordo de su motocicleta.<\/p>\n\n\n\n<p>Tras ello arribaron elementos de seguridad y param\u00e9dicos; estos \u00faltimos valoraron al joven y lo trasladaron a un hospital; sin embargo, debido a la gravedad de las lesiones no logr\u00f3 sobrevivir.<\/p>\n\n\n\n<p>Supuestamente los polic\u00edas municipales efectuaron operativos de b\u00fasqueda, pero sin dar con el o los responsables de este crimen.<\/p>\n\n\n\n<p>Personal de investigaci\u00f3n y peritos de la Vicefiscal\u00eda Regional del Istmo, de la Fiscal\u00eda General del Estado de Oaxaca, abri\u00f3 la carpeta de investigaci\u00f3n correspondiente, con la finalidad de esclarecer el caso.<\/p>\n","protected":false},"excerpt":{"rendered":"<p>Raymundo Morales\/Zona Roja. Oaxaca de Ju\u00e1rez, Oax., a 16 de abril de 2025.- Otra vez&hellip;<\/p>\n","protected":false},"author":2,"featured_media":79432,"comment_status":"closed","ping_status":"open","sticky":false,"template":"","format":"standard","meta":{"_lmt_disableupdate":"","_lmt_disable":"","_jetpack_memberships_contains_paid_content":false,"footnotes":""},"categories":[109,51],"tags":[703],"class_list":["post-79431","post","type-post","status-publish","format-standard","has-post-thumbnail","hentry","category-minuto-a-minuto","category-zona-roja","tag-ciudad-ixtepec"],"jetpack_featured_media_url":"https:\/\/zonaroja.com.mx\/wp-content\/uploads\/2025\/04\/Asesinado-Ciudad-Ixtepec.jpg","jetpack_sharing_enabled":true,"_links":{"self":[{"href":"https:\/\/zonaroja.com.mx\/index.php?rest_route=\/wp\/v2\/posts\/79431","targetHints":{"allow":["GET"]}}],"collection":[{"href":"https:\/\/zonaroja.com.mx\/index.php?rest_route=\/wp\/v2\/posts"}],"about":[{"href":"https:\/\/zonaroja.com.mx\/index.php?rest_route=\/wp\/v2\/types\/post"}],"author":[{"embeddable":true,"href":"https:\/\/zonaroja.com.mx\/index.php?rest_route=\/wp\/v2\/users\/2"}],"replies":[{"embeddable":true,"href":"https:\/\/zonaroja.com.mx\/index.php?rest_route=%2Fwp%2Fv2%2Fcomments&post=79431"}],"version-history":[{"count":1,"href":"https:\/\/zonaroja.com.mx\/index.php?rest_route=\/wp\/v2\/posts\/79431\/revisions"}],"predecessor-version":[{"id":79433,"href":"https:\/\/zonaroja.com.mx\/index.php?rest_route=\/wp\/v2\/posts\/79431\/revisions\/79433"}],"wp:featuredmedia":[{"embeddable":true,"href":"https:\/\/zonaroja.com.mx\/index.php?rest_route=\/wp\/v2\/media\/79432"}],"wp:attachment":[{"href":"https:\/\/zonaroja.com.mx\/index.php?rest_route=%2Fwp%2Fv2%2Fmedia&parent=79431"}],"wp:term":[{"taxonomy":"category","embeddable":true,"href":"https:\/\/zonaroja.com.mx\/index.php?rest_route=%2Fwp%2Fv2%2Fcategories&post=79431"},{"taxonomy":"post_tag","embeddable":true,"href":"https:\/\/zonaroja.com.mx\/index.php?rest_route=%2Fwp%2Fv2%2Ftags&post=79431"}],"curies":[{"name":"wp","href":"https:\/\/api.w.org\/{rel}","templated":true}]}}