{"id":79437,"date":"2025-04-16T10:30:00","date_gmt":"2025-04-16T16:30:00","guid":{"rendered":"https:\/\/zonaroja.com.mx\/?p=79437"},"modified":"2025-04-16T08:12:24","modified_gmt":"2025-04-16T14:12:24","slug":"dignifica-la-fiscalia-de-oaxaca-su-sede-en-juchitan","status":"publish","type":"post","link":"https:\/\/zonaroja.com.mx\/?p=79437","title":{"rendered":"Dignifica la Fiscal\u00eda de Oaxaca su sede en Juchit\u00e1n"},"content":{"rendered":"\n<p>Redacci\u00f3n\/Zona Roja.&nbsp;<\/p>\n\n\n\n<p>Oaxaca de Ju\u00e1rez, Oax., a 16 de abril de 2025.- Durante un recorrido a la nueva sede que alberga las oficinas de la Fiscal\u00eda General del Estado de Oaxaca en Juchit\u00e1n de Zaragoza, el titular de la instituci\u00f3n, Bernardo Rodr\u00edguez Alamilla sostuvo que mejorar los resultados de la instituci\u00f3n requiere robustecer las capacidades institucionales, como dignificar los espacios f\u00edsicos en los que se brindan los servicios para la ciudadan\u00eda.<\/p>\n\n\n\n<p>Acompa\u00f1ado por el Vicefiscal Regional, Carlos Reyes S\u00e1nchez, el fiscal reconoci\u00f3 el trabajo que realizan las y los trabajadores administrativos, ministerios p\u00fablicos, agentes estatales de investigaci\u00f3n, as\u00ed como del personal de servicios periciales, quienes laboran en contextos complejos y que implican retos continuos, por ello, entre las prioridades de la actual administraci\u00f3n est\u00e1 atender las necesidades que presentan con el objetivo de dignificar sus condiciones de trabajo.<\/p>\n\n\n\n<p>Y reiter\u00f3 que la Fiscal\u00eda de Oaxaca est\u00e1 cimentada en el trabajo de las personas que laboran en la instituci\u00f3n, pero que adem\u00e1s atiende a v\u00edctimas en contextos de vulnerabilidad, lo que hace esencial que tanto las y los servidores p\u00fablicos como las personas usuarias cuentan con espacios dignos que permitan dar servicios de calidad y calidez.<\/p>\n\n\n\n<p>Rodr\u00edguez Alamilla inst\u00f3 al personal de la Vicefiscal\u00eda Regional del Istmo a trabajar con compromiso y priorizando en la toma de decisiones a las v\u00edctimas, aplicando procesos de atenci\u00f3n integrales, eficientes que fortalezcan los procesos de procuraci\u00f3n de justicia y brinden resultados eficientes.&nbsp;<\/p>\n\n\n\n<p>En este marco, el Fiscal General tambi\u00e9n realiz\u00f3 un recorrido en las distintas \u00e1reas en funcionamiento de este edificio, adem\u00e1s de otras sedes de la regi\u00f3n del Istmo, como parte de las acciones de acercamiento continuo en las diferentes oficinas regionales para mantener un contacto directo con el personal y quienes acuden a buscar los servicios del organismo procurador de justicia.<\/p>\n","protected":false},"excerpt":{"rendered":"<p>Redacci\u00f3n\/Zona Roja.&nbsp; Oaxaca de Ju\u00e1rez, Oax., a 16 de abril de 2025.- Durante un recorrido&hellip;<\/p>\n","protected":false},"author":2,"featured_media":79438,"comment_status":"closed","ping_status":"open","sticky":false,"template":"","format":"standard","meta":{"_lmt_disableupdate":"","_lmt_disable":"","_jetpack_memberships_contains_paid_content":false,"footnotes":""},"categories":[109,47],"tags":[494],"class_list":["post-79437","post","type-post","status-publish","format-standard","has-post-thumbnail","hentry","category-minuto-a-minuto","category-zona-gris","tag-fiscalia-general-del-estado-de-oaxaca"],"jetpack_featured_media_url":"https:\/\/zonaroja.com.mx\/wp-content\/uploads\/2025\/04\/Fiscalia-Juchitan.jpeg","jetpack_sharing_enabled":true,"_links":{"self":[{"href":"https:\/\/zonaroja.com.mx\/index.php?rest_route=\/wp\/v2\/posts\/79437","targetHints":{"allow":["GET"]}}],"collection":[{"href":"https:\/\/zonaroja.com.mx\/index.php?rest_route=\/wp\/v2\/posts"}],"about":[{"href":"https:\/\/zonaroja.com.mx\/index.php?rest_route=\/wp\/v2\/types\/post"}],"author":[{"embeddable":true,"href":"https:\/\/zonaroja.com.mx\/index.php?rest_route=\/wp\/v2\/users\/2"}],"replies":[{"embeddable":true,"href":"https:\/\/zonaroja.com.mx\/index.php?rest_route=%2Fwp%2Fv2%2Fcomments&post=79437"}],"version-history":[{"count":1,"href":"https:\/\/zonaroja.com.mx\/index.php?rest_route=\/wp\/v2\/posts\/79437\/revisions"}],"predecessor-version":[{"id":79439,"href":"https:\/\/zonaroja.com.mx\/index.php?rest_route=\/wp\/v2\/posts\/79437\/revisions\/79439"}],"wp:featuredmedia":[{"embeddable":true,"href":"https:\/\/zonaroja.com.mx\/index.php?rest_route=\/wp\/v2\/media\/79438"}],"wp:attachment":[{"href":"https:\/\/zonaroja.com.mx\/index.php?rest_route=%2Fwp%2Fv2%2Fmedia&parent=79437"}],"wp:term":[{"taxonomy":"category","embeddable":true,"href":"https:\/\/zonaroja.com.mx\/index.php?rest_route=%2Fwp%2Fv2%2Fcategories&post=79437"},{"taxonomy":"post_tag","embeddable":true,"href":"https:\/\/zonaroja.com.mx\/index.php?rest_route=%2Fwp%2Fv2%2Ftags&post=79437"}],"curies":[{"name":"wp","href":"https:\/\/api.w.org\/{rel}","templated":true}]}}