{"id":7944,"date":"2020-01-22T18:49:46","date_gmt":"2020-01-23T00:49:46","guid":{"rendered":"http:\/\/www.zonaroja.com.mx\/?p=7944"},"modified":"2020-01-22T18:49:49","modified_gmt":"2020-01-23T00:49:49","slug":"preocupan-casos-de-influenza-en-zona-conurbada-de-oaxaca-van-5-defunciones","status":"publish","type":"post","link":"https:\/\/zonaroja.com.mx\/?p=7944","title":{"rendered":"Preocupan casos de influenza en zona conurbada de Oaxaca, van 5 defunciones"},"content":{"rendered":"\n<p>Evlin\nArag\u00f3n\/Zona Roja.<\/p>\n\n\n\n<p>Oaxaca de Ju\u00e1rez,\nOax., 22 de enero de 2020.- Directivos de la escuela primaria \u201cJusto Sierra\u201d\nubicada en el municipio de Santa Luc\u00eda del Camino, reportaron dos casos de\ninfluenza en el centro educativo, por lo que en coordinaci\u00f3n con el Comit\u00e9 de\nPadres de Familia y personal docente decidieron no permitir el ingreso de\nestudiantes que presenten s\u00edntomas para evitar un brote de la enfermedad viral.<\/p>\n\n\n\n<p>As\u00ed lo\ndieron a conocer a trav\u00e9s de un documento firmado por el director del plantel,\nJaime G\u00f3mez Ni\u00f1o, en el que da a conocer la situaci\u00f3n, as\u00ed como las acciones\nque se han decidido tomar dentro de ellas no aceptar a las y los menores de\nedad que presenten indicios de la influenza.<\/p>\n\n\n\n<p>\u201cSe les hace\nde su conocimiento que es muy importante que en caso de que sus ni\u00f1os presenten\ns\u00edntomas de alguna enfermedad respiratoria, tendr\u00e1n que llevarlos de manera\ninmediata al m\u00e9dico para descartar que sea alg\u00fan tipo de influenza, tambi\u00e9n se\nles informa que no ser\u00e1n aceptado hasta que presenten comprobante m\u00e9dico de que\nest\u00e1n recibiendo atenci\u00f3n m\u00e9dica\u201d, cita el documento.<\/p>\n\n\n\n<p>En este sentido, explicaron que es muy importante que ni\u00f1as y ni\u00f1os que sean diagnosticados con influenza permanezcan en casa para contribuir en su pronta recuperaci\u00f3n y evitar que se registran m\u00e1s brotes al interior de la instituci\u00f3n en perjuicio de la matr\u00edcula escolar, personal docente y administrativo. <\/p>\n\n\n\n<figure class=\"wp-block-image\"><img decoding=\"async\" width=\"755\" height=\"1024\" src=\"http:\/\/www.zonaroja.com.mx\/wp-content\/uploads\/2020\/01\/oficio-influenza-755x1024.jpg\" alt=\"\" class=\"wp-image-7945\" srcset=\"https:\/\/zonaroja.com.mx\/wp-content\/uploads\/2020\/01\/oficio-influenza-755x1024.jpg 755w, https:\/\/zonaroja.com.mx\/wp-content\/uploads\/2020\/01\/oficio-influenza-221x300.jpg 221w, https:\/\/zonaroja.com.mx\/wp-content\/uploads\/2020\/01\/oficio-influenza-768x1041.jpg 768w, https:\/\/zonaroja.com.mx\/wp-content\/uploads\/2020\/01\/oficio-influenza-585x793.jpg 585w, https:\/\/zonaroja.com.mx\/wp-content\/uploads\/2020\/01\/oficio-influenza-480x650.jpg 480w, https:\/\/zonaroja.com.mx\/wp-content\/uploads\/2020\/01\/oficio-influenza.jpg 944w\" sizes=\"(max-width: 755px) 100vw, 755px\" \/><\/figure>\n\n\n\n<p>CONFIRMAN\nDECESOS<\/p>\n\n\n\n<p>Por su parte,\nla autoridad en materia de salud, representada por Donato Casas Escamilla, dio\na conocer que se han registrado cinco defunciones por influenza durante este\nperiodo decembrino, tres de ellas en el municipio de Oaxaca de Ju\u00e1rez y las dos\nrestantes en Santa Cruz Xoxocotl\u00e1n y Salina Cruz, respectivamente.<\/p>\n\n\n\n<p>Explic\u00f3 que\nlos pacientes fallecidos ya presentabas enfermedades cr\u00f3nico degenerativas y\nque ninguno ten\u00eda aplicada la vacuna, raz\u00f3n por que invit\u00f3 a la poblaci\u00f3n en\ngeneral a acudir a los Centros de Salud para aplicarse el tratamiento\npreventivo, particularmente en la temporada invernal.<\/p>\n\n\n\n<p>Casas\nEscamilla manifest\u00f3 que los Servicios de Salud han aplicado un 70 por ciento de\nlas 533 mil dosis que tienen como meta aplicar en la dependencia la cual a\u00fan se\nencuentra disponible incluso en otras instituciones de salud como es Sedena,\nISSSTE e IMSS, que tambi\u00e9n atienden directamente a la poblaci\u00f3n oaxaque\u00f1a.<\/p>\n","protected":false},"excerpt":{"rendered":"<p>Evlin Arag\u00f3n\/Zona Roja. Oaxaca de Ju\u00e1rez, Oax., 22 de enero de 2020.- Directivos de la&hellip;<\/p>\n","protected":false},"author":2,"featured_media":6296,"comment_status":"closed","ping_status":"open","sticky":false,"template":"","format":"standard","meta":{"_lmt_disableupdate":"","_lmt_disable":"","_jetpack_memberships_contains_paid_content":false,"footnotes":""},"categories":[109,47],"tags":[1005],"class_list":["post-7944","post","type-post","status-publish","format-standard","has-post-thumbnail","hentry","category-minuto-a-minuto","category-zona-gris","tag-servicios-de-salud-de-oaxaca-sso"],"jetpack_featured_media_url":"https:\/\/zonaroja.com.mx\/wp-content\/uploads\/2019\/12\/Influenza.jpg","jetpack_sharing_enabled":true,"_links":{"self":[{"href":"https:\/\/zonaroja.com.mx\/index.php?rest_route=\/wp\/v2\/posts\/7944","targetHints":{"allow":["GET"]}}],"collection":[{"href":"https:\/\/zonaroja.com.mx\/index.php?rest_route=\/wp\/v2\/posts"}],"about":[{"href":"https:\/\/zonaroja.com.mx\/index.php?rest_route=\/wp\/v2\/types\/post"}],"author":[{"embeddable":true,"href":"https:\/\/zonaroja.com.mx\/index.php?rest_route=\/wp\/v2\/users\/2"}],"replies":[{"embeddable":true,"href":"https:\/\/zonaroja.com.mx\/index.php?rest_route=%2Fwp%2Fv2%2Fcomments&post=7944"}],"version-history":[{"count":1,"href":"https:\/\/zonaroja.com.mx\/index.php?rest_route=\/wp\/v2\/posts\/7944\/revisions"}],"predecessor-version":[{"id":7946,"href":"https:\/\/zonaroja.com.mx\/index.php?rest_route=\/wp\/v2\/posts\/7944\/revisions\/7946"}],"wp:featuredmedia":[{"embeddable":true,"href":"https:\/\/zonaroja.com.mx\/index.php?rest_route=\/wp\/v2\/media\/6296"}],"wp:attachment":[{"href":"https:\/\/zonaroja.com.mx\/index.php?rest_route=%2Fwp%2Fv2%2Fmedia&parent=7944"}],"wp:term":[{"taxonomy":"category","embeddable":true,"href":"https:\/\/zonaroja.com.mx\/index.php?rest_route=%2Fwp%2Fv2%2Fcategories&post=7944"},{"taxonomy":"post_tag","embeddable":true,"href":"https:\/\/zonaroja.com.mx\/index.php?rest_route=%2Fwp%2Fv2%2Ftags&post=7944"}],"curies":[{"name":"wp","href":"https:\/\/api.w.org\/{rel}","templated":true}]}}