{"id":79440,"date":"2025-04-16T08:15:40","date_gmt":"2025-04-16T14:15:40","guid":{"rendered":"https:\/\/zonaroja.com.mx\/?p=79440"},"modified":"2025-04-16T08:15:42","modified_gmt":"2025-04-16T14:15:42","slug":"con-musica-tradicion-y-alegria-culminan-los-martes-de-brujas-en-xoxocotlan","status":"publish","type":"post","link":"https:\/\/zonaroja.com.mx\/?p=79440","title":{"rendered":"Con m\u00fasica, tradici\u00f3n y alegr\u00eda culminan los \u201cMartes de Brujas\u201d en Xoxocotl\u00e1n"},"content":{"rendered":"\n<p>Redacci\u00f3n\/Zona Roja.<\/p>\n\n\n\n<p>Oaxaca de Ju\u00e1rez, Oax., a 16 de abril de 2025. \u201cTodo lo que hacemos con amor, esfuerzo y orgullo, deja huella y trasciende\u201d, dijo la presidenta municipal, Nancy Ben\u00edtez Z\u00e1rate, bajo un cielo estrellado y un Parque Central colmado de la euforia de 15 mil personas en el cierre de los \u201cMartes de Brujas\u201d 2025, y previo a la presentaci\u00f3n de Fidel Rueda.<\/p>\n\n\n\n<p>La m\u00fasica fue el alma de esta \u00faltima edici\u00f3n, que inici\u00f3 con la presentaci\u00f3n de la Banda Porfirio Avenda\u00f1o y Pedro Ovando Santos Esteva, quienes con su talento envolvieron al p\u00fablico en una atm\u00f3sfera de nostalgia y tradici\u00f3n. M\u00e1s tarde, la Banda La Joya encendi\u00f3 los \u00e1nimos con una poderosa ejecuci\u00f3n musical que puso a bailar a las y los asistentes, preparando el escenario para un cierre inolvidable.<\/p>\n\n\n\n<p>Y as\u00ed fue. Fidel Rueda, uno de los exponentes m\u00e1s queridos del regional mexicano, subi\u00f3 al escenario para entregar una presentaci\u00f3n inolvidable que hizo cantar a miles de personas y transform\u00f3 el Parque Central en una fiesta multitudinaria. Al ritmo del acorde\u00f3n y con el coraz\u00f3n en cada canci\u00f3n, Xoxocotl\u00e1n celebr\u00f3 sus ra\u00edces y su presente con orgullo.<\/p>\n\n\n\n<p>\u201cA lo largo de estas semanas hemos sido testigos una vez m\u00e1s de la fuerza viva de nuestras tradiciones, una costumbre que naci\u00f3 en tiempos prehisp\u00e1nicos y que con sabidur\u00eda se ha adaptado hasta convertirse en un emblema cultural de nuestro querido municipio\u201d, destac\u00f3 la mun\u00edcipe.<\/p>\n\n\n\n<p>Durante seis semanas, los Martes de Brujas llenaron de vida y cultura cada rinc\u00f3n del municipio, reuniendo a familias, artistas, cocineras tradicionales, artesanas y artesanos que con amor y dedicaci\u00f3n hicieron posible este renacer de la tradici\u00f3n.<\/p>\n\n\n\n<p>La presidenta municipal Nancy Ben\u00edtez Z\u00e1rate, acompa\u00f1ada por su cabildo y autoridades estatales como el secretario de Desarrollo Rural, V\u00edctor L\u00f3pez Leyva y el diputado C\u00e9sar Mateos, agradeci\u00f3 a todas y todos los que hicieron de esta edici\u00f3n algo memorable.<\/p>\n\n\n\n<p>\u201cEstas festividades son las que mantienen viva nuestra identidad, fusionando pasado, presente y futuro en un solo instante de alegr\u00eda colectividad. Me da gusto informar que esta edici\u00f3n de Los Martes de Brujas concluye de manera positiva, en paz y en orden\u201d, destac\u00f3 Ben\u00edtez Z\u00e1rate.<\/p>\n\n\n\n<p>La velada tambi\u00e9n incluy\u00f3 la representaci\u00f3n esc\u00e9nica de \u201cLos \u00daltimos Guardianes de la Monta\u00f1a Sagrada\u201d, una puesta en escena que transport\u00f3 a las y los presentes a la \u00e9poca prehisp\u00e1nica del Valle de Xoxocotl\u00e1n y Monte Alb\u00e1n, recordando el legado ancestral que nos une.<\/p>\n\n\n\n<p>Santa Cruz Xoxocotl\u00e1n se despide de sus Martes de Brujas 2025 con el coraz\u00f3n lleno y el alma encendida. \u201cLa clausura de los Martes de Brujas 2025 no es una despedida, sino un nos vemos en el 2026\u201d, concluy\u00f3 la presidenta municipal.<\/p>\n","protected":false},"excerpt":{"rendered":"<p>Redacci\u00f3n\/Zona Roja. Oaxaca de Ju\u00e1rez, Oax., a 16 de abril de 2025. \u201cTodo lo que&hellip;<\/p>\n","protected":false},"author":2,"featured_media":79441,"comment_status":"closed","ping_status":"open","sticky":false,"template":"","format":"standard","meta":{"_lmt_disableupdate":"","_lmt_disable":"","_jetpack_memberships_contains_paid_content":false,"footnotes":""},"categories":[109,46],"tags":[133],"class_list":["post-79440","post","type-post","status-publish","format-standard","has-post-thumbnail","hentry","category-minuto-a-minuto","category-zona-blanca","tag-santa-cruz-xoxocotlan"],"jetpack_featured_media_url":"https:\/\/zonaroja.com.mx\/wp-content\/uploads\/2025\/04\/Martes-de-Brujas-Xoxocotlan.jpg","jetpack_sharing_enabled":true,"_links":{"self":[{"href":"https:\/\/zonaroja.com.mx\/index.php?rest_route=\/wp\/v2\/posts\/79440","targetHints":{"allow":["GET"]}}],"collection":[{"href":"https:\/\/zonaroja.com.mx\/index.php?rest_route=\/wp\/v2\/posts"}],"about":[{"href":"https:\/\/zonaroja.com.mx\/index.php?rest_route=\/wp\/v2\/types\/post"}],"author":[{"embeddable":true,"href":"https:\/\/zonaroja.com.mx\/index.php?rest_route=\/wp\/v2\/users\/2"}],"replies":[{"embeddable":true,"href":"https:\/\/zonaroja.com.mx\/index.php?rest_route=%2Fwp%2Fv2%2Fcomments&post=79440"}],"version-history":[{"count":1,"href":"https:\/\/zonaroja.com.mx\/index.php?rest_route=\/wp\/v2\/posts\/79440\/revisions"}],"predecessor-version":[{"id":79442,"href":"https:\/\/zonaroja.com.mx\/index.php?rest_route=\/wp\/v2\/posts\/79440\/revisions\/79442"}],"wp:featuredmedia":[{"embeddable":true,"href":"https:\/\/zonaroja.com.mx\/index.php?rest_route=\/wp\/v2\/media\/79441"}],"wp:attachment":[{"href":"https:\/\/zonaroja.com.mx\/index.php?rest_route=%2Fwp%2Fv2%2Fmedia&parent=79440"}],"wp:term":[{"taxonomy":"category","embeddable":true,"href":"https:\/\/zonaroja.com.mx\/index.php?rest_route=%2Fwp%2Fv2%2Fcategories&post=79440"},{"taxonomy":"post_tag","embeddable":true,"href":"https:\/\/zonaroja.com.mx\/index.php?rest_route=%2Fwp%2Fv2%2Ftags&post=79440"}],"curies":[{"name":"wp","href":"https:\/\/api.w.org\/{rel}","templated":true}]}}