{"id":79443,"date":"2025-04-16T11:17:00","date_gmt":"2025-04-16T17:17:00","guid":{"rendered":"https:\/\/zonaroja.com.mx\/?p=79443"},"modified":"2025-04-16T08:20:03","modified_gmt":"2025-04-16T14:20:03","slug":"mexico-creo-esta-muy-muy-asustado-de-los-carteles-trump","status":"publish","type":"post","link":"https:\/\/zonaroja.com.mx\/?p=79443","title":{"rendered":"\u201cM\u00e9xico creo est\u00e1 muy, muy asustado de los c\u00e1rteles\u201d: Trump"},"content":{"rendered":"\n<p>Redacci\u00f3n\/Zona Roja Cdmx.<\/p>\n\n\n\n<p>Ciudad de M\u00e9xico, a 16 de abril de 2025.- En una entrevista con Fox News, el presidente de Estados Unidos, Donald Trump, dijo que tiene una buena relaci\u00f3n con M\u00e9xico.<\/p>\n\n\n\n<p>Cuando la periodista Rachel Campos-Duffy, pregunta al republicano sobre cu\u00e1l es su plan para enfrentar a los c\u00e1rteles mexicanos, Trump respondi\u00f3 que est\u00e1 trabajando con M\u00e9xico, y quiere ayudar al pa\u00eds, porque considera que grupos criminales controlan parte de M\u00e9xico.<\/p>\n\n\n\n<p>\u201cAs\u00ed que estamos trabajando con M\u00e9xico. M\u00e9xico creo que est\u00e1 muy, muy asustado de los c\u00e1rteles. De hecho, creo que los c\u00e1rteles controlan grandes secciones de M\u00e9xico y no quiero decir eso porque me llevo muy bien con la presidente\u201d, dijo.<\/p>\n\n\n\n<p>Durante la entrevista, Campos-Duffy, le indica a Trump que desde que (\u00e9l) cerr\u00f3 la frontera, la violencia \u00abha aumentado\u00bb, porque ahora los c\u00e1rteles est\u00e1n luchando con menos recursos, menos ingresos, incluso, le menciona que el 40% del territorio en M\u00e9xico est\u00e1 controlado por los c\u00e1rteles.<\/p>\n\n\n\n<p>\u201cEstoy tratando muy bien con su nuevo presidente, con la nueva presidenta&#8230; La relaci\u00f3n es muy buena\u2026 Queremos ayudarla, queremos ayudar a M\u00e9xico, porque no puedes gobernar un pa\u00eds as\u00ed. Simplemente no puedes\u201d, dijo.<\/p>\n\n\n\n<p>Sobre la frontera, la calific\u00f3 de \u00abperfecta\u00bb e indic\u00f3 que ahora es \u00abmuy segura en este momento\u00bb y que para lograr esto, no necesitaban una ley, solo se requer\u00eda que presidente dijera, \u00abno entra m\u00e1s gente\u00bb, y destac\u00f3 que en despu\u00e9s de un largo periodo, solo entraron a Estados Unidos 9 personas, y eso por cuestiones m\u00e9dicas.<\/p>\n\n\n\n<p>Dijo que est\u00e1n sacando de Estados Unidos a los \u00abasesinos\u00bb a los muy \u00abpeligrosos\u00bb, se\u00f1al\u00f3 que hay gente \u00abmaravillosa\u00bb que lleg\u00f3 al pa\u00eds tambi\u00e9n hay personas \u00abmuy malas\u00bb, y por esto, \u00abqueremos que se vayan\u00bb. Agreg\u00f3 que para esto van a implementar un programa de \u00abautodeportaci\u00f3n\u00bb, algo que pronto anunciar\u00e1n.<\/p>\n\n\n\n<p>\u201cLes vamos a dar una ayuda econ\u00f3mica, les vamos a dar algo de dinero, y un boleto de avi\u00f3n, y luego vamos a trabajar con ellos, si son buenos, s\u00ed queremos que regresen, vamos a trabajar con ellos para que regresen tan r\u00e1pido como podamos\u201d, remarc\u00f3 Trump.<\/p>\n\n\n\n<p>(Informaci\u00f3n de N+ Noticias)<\/p>\n","protected":false},"excerpt":{"rendered":"<p>Redacci\u00f3n\/Zona Roja Cdmx. Ciudad de M\u00e9xico, a 16 de abril de 2025.- En una entrevista&hellip;<\/p>\n","protected":false},"author":2,"featured_media":79444,"comment_status":"closed","ping_status":"open","sticky":false,"template":"","format":"standard","meta":{"_lmt_disableupdate":"","_lmt_disable":"","_jetpack_memberships_contains_paid_content":false,"footnotes":""},"categories":[109,47],"tags":[1060],"class_list":["post-79443","post","type-post","status-publish","format-standard","has-post-thumbnail","hentry","category-minuto-a-minuto","category-zona-gris","tag-donald-trump"],"jetpack_featured_media_url":"https:\/\/zonaroja.com.mx\/wp-content\/uploads\/2025\/04\/Carteles-mexicanos-CJNG.jpeg","jetpack_sharing_enabled":true,"_links":{"self":[{"href":"https:\/\/zonaroja.com.mx\/index.php?rest_route=\/wp\/v2\/posts\/79443","targetHints":{"allow":["GET"]}}],"collection":[{"href":"https:\/\/zonaroja.com.mx\/index.php?rest_route=\/wp\/v2\/posts"}],"about":[{"href":"https:\/\/zonaroja.com.mx\/index.php?rest_route=\/wp\/v2\/types\/post"}],"author":[{"embeddable":true,"href":"https:\/\/zonaroja.com.mx\/index.php?rest_route=\/wp\/v2\/users\/2"}],"replies":[{"embeddable":true,"href":"https:\/\/zonaroja.com.mx\/index.php?rest_route=%2Fwp%2Fv2%2Fcomments&post=79443"}],"version-history":[{"count":1,"href":"https:\/\/zonaroja.com.mx\/index.php?rest_route=\/wp\/v2\/posts\/79443\/revisions"}],"predecessor-version":[{"id":79445,"href":"https:\/\/zonaroja.com.mx\/index.php?rest_route=\/wp\/v2\/posts\/79443\/revisions\/79445"}],"wp:featuredmedia":[{"embeddable":true,"href":"https:\/\/zonaroja.com.mx\/index.php?rest_route=\/wp\/v2\/media\/79444"}],"wp:attachment":[{"href":"https:\/\/zonaroja.com.mx\/index.php?rest_route=%2Fwp%2Fv2%2Fmedia&parent=79443"}],"wp:term":[{"taxonomy":"category","embeddable":true,"href":"https:\/\/zonaroja.com.mx\/index.php?rest_route=%2Fwp%2Fv2%2Fcategories&post=79443"},{"taxonomy":"post_tag","embeddable":true,"href":"https:\/\/zonaroja.com.mx\/index.php?rest_route=%2Fwp%2Fv2%2Ftags&post=79443"}],"curies":[{"name":"wp","href":"https:\/\/api.w.org\/{rel}","templated":true}]}}