{"id":79446,"date":"2025-04-16T12:21:00","date_gmt":"2025-04-16T18:21:00","guid":{"rendered":"https:\/\/zonaroja.com.mx\/?p=79446"},"modified":"2025-04-16T08:21:55","modified_gmt":"2025-04-16T14:21:55","slug":"opinion-desapariciones-y-despojo-la-negacion","status":"publish","type":"post","link":"https:\/\/zonaroja.com.mx\/?p=79446","title":{"rendered":"Opini\u00f3n. Desapariciones y despojo:\u00a0la\u00a0negaci\u00f3n"},"content":{"rendered":"\n<p>N\u00e9stor Y. S\u00e1nchez Islas<\/p>\n\n\n\n<p>Dos profundas heridas que no sanar\u00e1n por mucho tiempo desgarran los sentimientos de&nbsp;M\u00e9xico. Y la indiferencia de un autoritario gobierno&nbsp;que,&nbsp;buscando sacudirse la responsabilidad con banales declaraciones, une no solo al pa\u00eds sino a instituciones y medios internacionales en su contra.<\/p>\n\n\n\n<p>La disculpa cuando carece de sinceridad solo&nbsp;profundiza&nbsp;la ofensa. Ser&nbsp;madre&nbsp;de un desaparecido es casi ser una&nbsp;muerta&nbsp;viviente. Se necesita empat\u00eda para abrazarlos con sinceridad, ya sea en persona o a trav\u00e9s de una declaraci\u00f3n oficial.<\/p>\n\n\n\n<p>Ser v\u00edctima de despojo&nbsp;es&nbsp;caminar&nbsp;la&nbsp;rabia&nbsp;y la impotencia. Por un&nbsp;lado,&nbsp;eres&nbsp;v\u00edctima de los delincuentes y, por otro,&nbsp;de una de las m\u00e1s podridas instituciones del Estado: las fiscal\u00edas.<\/p>\n\n\n\n<p>Son las madres buscadoras&nbsp;las&nbsp;que encuentran y exhiben al mundo la barbarie&nbsp;de la desaparici\u00f3n forzada.&nbsp;Fue&nbsp;una abuela, a punta de pistola,&nbsp;la que&nbsp;exhibi\u00f3&nbsp;al pa\u00eds la gravedad del delito de despojo y la complacencia de las autoridades&nbsp;muchas veces coludidas.<\/p>\n\n\n\n<p>Estas mujeres, doblemente victimizadas,&nbsp;nos abren los ojos a las consecuencias que tiene el amasiato del crimen no oficial con&nbsp;el crimen&nbsp;oficial. Y no, no podemos olvidar que la pol\u00edtica del r\u00e9gimen anterior fue abrazar a los criminales en lugar de perseguirlos y castigarlos. El resultado de tal brutalidad es muy claro: el expresidente y sus exfuncionarios gozando de la vida y sus millones, las madres buscadoras muertas en vida y la anciana en la c\u00e1rcel por matar,&nbsp;en defensa de su patrimonio,&nbsp;a dos delincuentes.<\/p>\n\n\n\n<p>La presidenta&nbsp;y la&nbsp;dirigente&nbsp;de su partido&nbsp;quieren desaparecer esta barbarie con una infame declaraci\u00f3n: en este gobierno no se desaparece desde el Estado.&nbsp;Mienten&nbsp;invocando la verdad. S\u00ed&nbsp;bien hoy no existe una&nbsp;siniestra Brigada Blanca&nbsp;como en los a\u00f1os 70,&nbsp;es porque no la necesitan; el crimen organizado les maquila los&nbsp;delitos.&nbsp;El poder no se mancha las manos con sangre, pero en su nombre pueden hacerlo los criminales como pago por hacerse de la vista gorda desde&nbsp;el gobierno.<\/p>\n\n\n\n<p>Tan grave es la situaci\u00f3n que la ONU, a trav\u00e9s de su Comit\u00e9 contra la Desaparici\u00f3n Forzada tuvo que intervenir\u00a0de oficio\u00a0en M\u00e9xico.\u00a0A\u00a0despecho\u00a0de los gritos en contra de la 4T,\u00a0la ONU tiene\u00a0la\u00a0obligaci\u00f3n\u00a0legal\u00a0de intervenir cuando en un pa\u00eds la desaparici\u00f3n de personas es asunto\u00a0cotidiano.\u00a0<\/p>\n\n\n\n<p>El Art. 2 de la Convenci\u00f3n contra\u00a0la Desaparici\u00f3n de Personas dice\u00a0\u00abla detenci\u00f3n, el secuestro o cualquier otra forma de privaci\u00f3n de libertad por agentes del Estado o por personas o grupos de personas que act\u00faen con la autorizaci\u00f3n, el apoyo o la aquiescencia del Estado, seguida de la negativa a reconocer la privaci\u00f3n de libertad o del ocultamiento de la suerte o\u00a0del paradero de la persona\u00a0desaparecida que\u00a0colocan a esa persona fuera de la protecci\u00f3n de la ley\u00bb. <\/p>\n\n\n\n<p>\u00bfExiste la\u00a0aquiescencia del Estado en\u00a0estos delitos?\u00a0La pol\u00edtica\u00a0gubernamental de tolerancia y abrazos al crimen organizado es la respuesta afirmativa y confirmada por los campos de exterminio\u00a0a lo largo y ancho del pa\u00eds.\u00a0La desaparici\u00f3n forzada es, adem\u00e1s, un crimen de lesa humanidad\u00a0de acuerdo con la misma Convenci\u00f3n, aceptada internacionalmente y firmada por M\u00e9xico.<\/p>\n\n\n\n<p>El antecedente m\u00e1s&nbsp;doloroso de la desaparici\u00f3n lo tenemos en la&nbsp;\u201cguerra sucia\u201d&nbsp;de los a\u00f1os 70 y 80 a manos de la Brigada Blanca, la herramienta del r\u00e9gimen para reprimir&nbsp;movimientos sociales. Quienes hoy gobiernan se dicen v\u00edctimas de aquellos hechos;&nbsp;ahora ellos son los victimarios.&nbsp;\u00bfQu\u00e9 busca el gobierno?&nbsp;Debilitar el Estado de Derecho para imponer el autoritarismo&nbsp;a trav\u00e9s del miedo y la desconfianza.<\/p>\n\n\n\n<p>Una juventud traumada y un duelo permanente que impide tener un momento de paz ante la incertidumbre por el destino del desaparecido.&nbsp;Fiscal\u00edas que no investigan, criminales que se pasean entre nosotros con total impunidad, pol\u00edticos que&nbsp;conviven&nbsp;con ellos y reciben cajas de efectivo a cambio&nbsp;de protecci\u00f3n. Eso es&nbsp;el&nbsp;M\u00e9xico&nbsp;de&nbsp;hoy.<\/p>\n\n\n\n<p>Quienes hemos sido v\u00edctimas de despojo&nbsp;y de la complacencia y burocratismo de las autoridades ante el delito sabemos el impacto que en nuestras familias tiene.&nbsp;Quienes detentan el poder hoy saben&nbsp;mucho de despojos, delito que alentaron, promovieron y ejecutaron en nombre de una mal llamada justicia social.&nbsp;Nombres como&nbsp;Dolores Padierna,&nbsp;Rene Bejarano o Mart\u00ed Batres&nbsp;son recordados&nbsp;por ello.<\/p>\n\n\n\n<p>En M\u00e9xico no est\u00e1 permitida la justicia por propia mano, dijo la juez&nbsp;para dictar prisi\u00f3n preventiva a la abuela&nbsp;homicida, pero olvid\u00f3 decir que, cuando el Estado no cumple su parte del pacto social&nbsp;en donde dice que las personas le&nbsp;entregamos nuestro&nbsp;poder a cambio de&nbsp;gobernabilidad y justicia,&nbsp;nos deja en manos de la ley de la selva y, esa fue la que aplic\u00f3 la&nbsp;abuela.<\/p>\n\n\n\n<p>Su caso llega para destapar, una vez m\u00e1s, la colusi\u00f3n de gobierno y crimen. No son casos aislados&nbsp;y, en Oaxaca, el c\u00e1rtel del despojo&nbsp;es ejemplo de c\u00f3mo los funcionarios desde el&nbsp;poder&nbsp;delinquen descaradamente.<\/p>\n\n\n\n<p><a href=\"mailto:nestoryuri@yahoo.com\">nestoryuri@yahoo.com<\/a><\/p>\n","protected":false},"excerpt":{"rendered":"<p>N\u00e9stor Y. S\u00e1nchez Islas Dos profundas heridas que no sanar\u00e1n por mucho tiempo desgarran los&hellip;<\/p>\n","protected":false},"author":2,"featured_media":67897,"comment_status":"closed","ping_status":"open","sticky":false,"template":"","format":"standard","meta":{"_lmt_disableupdate":"","_lmt_disable":"","_jetpack_memberships_contains_paid_content":false,"footnotes":""},"categories":[456,109],"tags":[3050],"class_list":["post-79446","post","type-post","status-publish","format-standard","has-post-thumbnail","hentry","category-columna","category-minuto-a-minuto","tag-nestor-yuri-sanchez"],"jetpack_featured_media_url":"https:\/\/zonaroja.com.mx\/wp-content\/uploads\/2024\/05\/Opinion-Nestor-Yuri-Sanchez.jpeg","jetpack_sharing_enabled":true,"_links":{"self":[{"href":"https:\/\/zonaroja.com.mx\/index.php?rest_route=\/wp\/v2\/posts\/79446","targetHints":{"allow":["GET"]}}],"collection":[{"href":"https:\/\/zonaroja.com.mx\/index.php?rest_route=\/wp\/v2\/posts"}],"about":[{"href":"https:\/\/zonaroja.com.mx\/index.php?rest_route=\/wp\/v2\/types\/post"}],"author":[{"embeddable":true,"href":"https:\/\/zonaroja.com.mx\/index.php?rest_route=\/wp\/v2\/users\/2"}],"replies":[{"embeddable":true,"href":"https:\/\/zonaroja.com.mx\/index.php?rest_route=%2Fwp%2Fv2%2Fcomments&post=79446"}],"version-history":[{"count":1,"href":"https:\/\/zonaroja.com.mx\/index.php?rest_route=\/wp\/v2\/posts\/79446\/revisions"}],"predecessor-version":[{"id":79447,"href":"https:\/\/zonaroja.com.mx\/index.php?rest_route=\/wp\/v2\/posts\/79446\/revisions\/79447"}],"wp:featuredmedia":[{"embeddable":true,"href":"https:\/\/zonaroja.com.mx\/index.php?rest_route=\/wp\/v2\/media\/67897"}],"wp:attachment":[{"href":"https:\/\/zonaroja.com.mx\/index.php?rest_route=%2Fwp%2Fv2%2Fmedia&parent=79446"}],"wp:term":[{"taxonomy":"category","embeddable":true,"href":"https:\/\/zonaroja.com.mx\/index.php?rest_route=%2Fwp%2Fv2%2Fcategories&post=79446"},{"taxonomy":"post_tag","embeddable":true,"href":"https:\/\/zonaroja.com.mx\/index.php?rest_route=%2Fwp%2Fv2%2Ftags&post=79446"}],"curies":[{"name":"wp","href":"https:\/\/api.w.org\/{rel}","templated":true}]}}