{"id":79451,"date":"2025-04-16T17:16:59","date_gmt":"2025-04-16T23:16:59","guid":{"rendered":"https:\/\/zonaroja.com.mx\/?p=79451"},"modified":"2025-04-16T17:16:59","modified_gmt":"2025-04-16T23:16:59","slug":"fiscalia-de-oaxaca-rescata-en-juchitan-a-una-joven-secuestrada-en-chiapas","status":"publish","type":"post","link":"https:\/\/zonaroja.com.mx\/?p=79451","title":{"rendered":"Fiscal\u00eda de Oaxaca rescata en Juchit\u00e1n a una joven secuestrada en Chiapas"},"content":{"rendered":"\n<p>Redacci\u00f3n\/Zona Roja.&nbsp;<\/p>\n\n\n\n<p class=\"MsoNormal\">Oaxaca de Ju\u00e1rez a 16 de abril de 2025.- Una joven secuestrada en Chiapas logr\u00f3 escapar de sus captores y se refugi\u00f3 en Juchit\u00e1n de Zaragoza, donde fue localizada por la&nbsp;Fiscal\u00eda General del Estado de Oaxaca (FGEO).<\/p>\n\n\n\n<p class=\"MsoNormal\">Se trata de Nadxielly Isabel C. V., de 33 a\u00f1os de edad, quien en busca de empleo, fue enganchada&nbsp;a trav\u00e9s de una oferta laboral publicada en redes sociales, y posteriormente privada de la libertad de manera ilegal en el estado vecino.<\/p>\n\n\n\n<p class=\"MsoNormal\">En un comunicado, la instituci\u00f3n procuradora de justicia detall\u00f3 que, de&nbsp;acuerdo con la carpeta de investigaci\u00f3n, los hechos ocurrieron el 1 de abril del 2025, cuando la v\u00edctima sali\u00f3 de su domicilio ubicado en el fraccionamiento Lomas del Pedregal, en el municipio de Berrioz\u00e1bal, en el estado de Chiapas, para acudir a una cita de trabajo a la terminal de Tuxtla Guti\u00e9rrez, anunci\u00f3 que hab\u00eda visto en un perfil de Facebook.<\/p>\n\n\n\n<p class=\"MsoNormal\">La investigaci\u00f3n revela que, en el lugar, una persona se acerc\u00f3 a la v\u00edctima para llevarla a las oficinas donde supuestamente la contratar\u00edan, sin embargo, fue privada de la libertad durante 14 d\u00edas, hasta que logr\u00f3 escapar y debido a que tiene familia en la regi\u00f3n del Istmo de Tehuantepec, se traslad\u00f3 a la poblaci\u00f3n de Juchit\u00e1n de Zaragoza, en Oaxaca.&nbsp;<\/p>\n\n\n\n<p class=\"MsoNormal\">Luego de recibir un oficio de colaboraci\u00f3n de la Fiscal\u00eda del Estado de Chiapas, la FGEO -a trav\u00e9s de la Vicefiscal\u00eda Regional del Istmo- activ\u00f3 de forma inmediata las acciones para la b\u00fasqueda y pronta localizaci\u00f3n de la v\u00edctima, por lo que se realizaron operativos focalizados en esa regi\u00f3n.<\/p>\n\n\n\n<p class=\"MsoNormal\">Derivado de las labores en torno al caso, elementos de la Agencia Estatal de Investigaciones (AEI) lograron dar con el paradero de Nadxielly Isabel, quien fue presentada para su declaraci\u00f3n ministerial y posterior restituci\u00f3n con sus familiares.<\/p>\n\n\n\n<p class=\"MsoNormal\">La instituci\u00f3n inform\u00f3 que la&nbsp;denuncia es parte prioritaria dentro de los procesos de investigaci\u00f3n y b\u00fasqueda de personas no localizadas que efect\u00faa la Fiscal\u00eda General del Estado de Oaxaca, a trav\u00e9s de las \u00e1reas especializadas.<\/p>\n","protected":false},"excerpt":{"rendered":"<p>Redacci\u00f3n\/Zona Roja.&nbsp; Oaxaca de Ju\u00e1rez a 16 de abril de 2025.- Una joven secuestrada en&hellip;<\/p>\n","protected":false},"author":2,"featured_media":79450,"comment_status":"closed","ping_status":"open","sticky":false,"template":"","format":"standard","meta":{"_lmt_disableupdate":"","_lmt_disable":"","_jetpack_memberships_contains_paid_content":false,"footnotes":""},"categories":[109,46],"tags":[],"class_list":["post-79451","post","type-post","status-publish","format-standard","has-post-thumbnail","hentry","category-minuto-a-minuto","category-zona-blanca"],"jetpack_featured_media_url":"https:\/\/zonaroja.com.mx\/wp-content\/uploads\/2025\/04\/img_7866-1.jpg","jetpack_sharing_enabled":true,"_links":{"self":[{"href":"https:\/\/zonaroja.com.mx\/index.php?rest_route=\/wp\/v2\/posts\/79451","targetHints":{"allow":["GET"]}}],"collection":[{"href":"https:\/\/zonaroja.com.mx\/index.php?rest_route=\/wp\/v2\/posts"}],"about":[{"href":"https:\/\/zonaroja.com.mx\/index.php?rest_route=\/wp\/v2\/types\/post"}],"author":[{"embeddable":true,"href":"https:\/\/zonaroja.com.mx\/index.php?rest_route=\/wp\/v2\/users\/2"}],"replies":[{"embeddable":true,"href":"https:\/\/zonaroja.com.mx\/index.php?rest_route=%2Fwp%2Fv2%2Fcomments&post=79451"}],"version-history":[{"count":1,"href":"https:\/\/zonaroja.com.mx\/index.php?rest_route=\/wp\/v2\/posts\/79451\/revisions"}],"predecessor-version":[{"id":79452,"href":"https:\/\/zonaroja.com.mx\/index.php?rest_route=\/wp\/v2\/posts\/79451\/revisions\/79452"}],"wp:featuredmedia":[{"embeddable":true,"href":"https:\/\/zonaroja.com.mx\/index.php?rest_route=\/wp\/v2\/media\/79450"}],"wp:attachment":[{"href":"https:\/\/zonaroja.com.mx\/index.php?rest_route=%2Fwp%2Fv2%2Fmedia&parent=79451"}],"wp:term":[{"taxonomy":"category","embeddable":true,"href":"https:\/\/zonaroja.com.mx\/index.php?rest_route=%2Fwp%2Fv2%2Fcategories&post=79451"},{"taxonomy":"post_tag","embeddable":true,"href":"https:\/\/zonaroja.com.mx\/index.php?rest_route=%2Fwp%2Fv2%2Ftags&post=79451"}],"curies":[{"name":"wp","href":"https:\/\/api.w.org\/{rel}","templated":true}]}}