{"id":79463,"date":"2025-04-17T08:15:00","date_gmt":"2025-04-17T14:15:00","guid":{"rendered":"https:\/\/zonaroja.com.mx\/?p=79463"},"modified":"2025-04-17T07:28:30","modified_gmt":"2025-04-17T13:28:30","slug":"en-miercoles-santo-ejecutan-a-individuo-en-salina-cruz","status":"publish","type":"post","link":"https:\/\/zonaroja.com.mx\/?p=79463","title":{"rendered":"En Mi\u00e9rcoles Santo, ejecutan a individuo en Salina Cruz"},"content":{"rendered":"\n<p>Raymundo Morales\/Zona Roja.<\/p>\n\n\n\n<p>Oaxaca de Ju\u00e1rez, Oax., a 17 de abril de 2025.- Ni en Semana Santa cesan los asesinatos en la regi\u00f3n del Istmo de Tehuantepec.<\/p>\n\n\n\n<p>Anoche, en la colonia H\u00e9roes de Nacozri del municipio de Salina Cruz fue ejecutada a balazos una persona del sexo masculino.<\/p>\n\n\n\n<p>De acuerdo con los primeros reportes policiacos, el individuo identificado como Agust\u00edn \u201cN\u201d circulaba a bordo de su motocicleta sobre ala avenida Tampico, cuando fue acribillado.<\/p>\n\n\n\n<p>Personal de la Comisi\u00f3n Nacional de Emergencias (CEN) arrib\u00f3 al sitio para brindar los primeros auxilios pero corrobor\u00f3 que la v\u00edctima ya no contaba con signos vitales.<\/p>\n\n\n\n<p>Tras ello el \u00e1rea fue acordonada por polic\u00edas municipales, estatales y de la Secretar\u00eda de Marina, mientras personal de la Vicefiscal\u00eda Regional del Istmo realizaba las primeras diligencias.<\/p>\n\n\n\n<p>Hasta el momento no hay rastros del o los probables agresores armado y las investigaciones contin\u00faan.<\/p>\n","protected":false},"excerpt":{"rendered":"<p>Raymundo Morales\/Zona Roja. Oaxaca de Ju\u00e1rez, Oax., a 17 de abril de 2025.- Ni en&hellip;<\/p>\n","protected":false},"author":2,"featured_media":79464,"comment_status":"closed","ping_status":"open","sticky":false,"template":"","format":"standard","meta":{"_lmt_disableupdate":"","_lmt_disable":"","_jetpack_memberships_contains_paid_content":false,"footnotes":""},"categories":[109,51],"tags":[1542],"class_list":["post-79463","post","type-post","status-publish","format-standard","has-post-thumbnail","hentry","category-minuto-a-minuto","category-zona-roja","tag-ejecutado-en-salina-cruz"],"jetpack_featured_media_url":"https:\/\/zonaroja.com.mx\/wp-content\/uploads\/2025\/04\/Asesinado-Salina-Cruz.jpg","jetpack_sharing_enabled":true,"_links":{"self":[{"href":"https:\/\/zonaroja.com.mx\/index.php?rest_route=\/wp\/v2\/posts\/79463","targetHints":{"allow":["GET"]}}],"collection":[{"href":"https:\/\/zonaroja.com.mx\/index.php?rest_route=\/wp\/v2\/posts"}],"about":[{"href":"https:\/\/zonaroja.com.mx\/index.php?rest_route=\/wp\/v2\/types\/post"}],"author":[{"embeddable":true,"href":"https:\/\/zonaroja.com.mx\/index.php?rest_route=\/wp\/v2\/users\/2"}],"replies":[{"embeddable":true,"href":"https:\/\/zonaroja.com.mx\/index.php?rest_route=%2Fwp%2Fv2%2Fcomments&post=79463"}],"version-history":[{"count":1,"href":"https:\/\/zonaroja.com.mx\/index.php?rest_route=\/wp\/v2\/posts\/79463\/revisions"}],"predecessor-version":[{"id":79465,"href":"https:\/\/zonaroja.com.mx\/index.php?rest_route=\/wp\/v2\/posts\/79463\/revisions\/79465"}],"wp:featuredmedia":[{"embeddable":true,"href":"https:\/\/zonaroja.com.mx\/index.php?rest_route=\/wp\/v2\/media\/79464"}],"wp:attachment":[{"href":"https:\/\/zonaroja.com.mx\/index.php?rest_route=%2Fwp%2Fv2%2Fmedia&parent=79463"}],"wp:term":[{"taxonomy":"category","embeddable":true,"href":"https:\/\/zonaroja.com.mx\/index.php?rest_route=%2Fwp%2Fv2%2Fcategories&post=79463"},{"taxonomy":"post_tag","embeddable":true,"href":"https:\/\/zonaroja.com.mx\/index.php?rest_route=%2Fwp%2Fv2%2Ftags&post=79463"}],"curies":[{"name":"wp","href":"https:\/\/api.w.org\/{rel}","templated":true}]}}