{"id":79469,"date":"2025-04-17T09:15:00","date_gmt":"2025-04-17T15:15:00","guid":{"rendered":"https:\/\/zonaroja.com.mx\/?p=79469"},"modified":"2025-04-17T08:22:31","modified_gmt":"2025-04-17T14:22:31","slug":"sheinbaum-entre-las-100-personas-mas-influyentes-del-mundo-segun-time","status":"publish","type":"post","link":"https:\/\/zonaroja.com.mx\/?p=79469","title":{"rendered":"Sheinbaum, entre las 100 personas m\u00e1s influyentes del mundo seg\u00fan \u201cTime\u201d"},"content":{"rendered":"\n<p>Redacci\u00f3n\/Zona Roja Cdmx.<\/p>\n\n\n\n<p>Ciudad de M\u00e9xico, a 17 de abril de 2025.- La presidenta de M\u00e9xico, Claudia Sheinbaum Pardo, fue incluida en la lista de las 100 personas m\u00e1s influyentes del 2025, elaborada por la reconocida revista estadounidense \u00abTime\u00bb, una de las publicaciones m\u00e1s prestigiosas a nivel internacional.<\/p>\n\n\n\n<p>La mandataria mexicana figura en la categor\u00eda de \u2018L\u00edderes\u2019 junto a figuras como el presidente de Estados Unidos, Donald Trump; el primer ministro del Reino Unido, Keir Starmer; el empresario Elon Musk; la l\u00edder opositora venezolana, Mar\u00eda Corina Machado; y Muhammad Yunus, premio Nobel de la Paz y actual primer ministro interino de Banglad\u00e9s.<\/p>\n\n\n\n<p>El perfil de Sheinbaum fue escrito por el periodista Jorge Ramos, quien destac\u00f3 su formaci\u00f3n como cient\u00edfica del clima y su trayectoria pol\u00edtica. Ramos subray\u00f3 que Sheinbaum \u201chizo historia\u201d al convertirse en 2024 en la primera mujer en asumir la presidencia de M\u00e9xico, remarcando su insistencia en ser llamada \u201cPresidenta, con A\u201d.<\/p>\n\n\n\n<p>\u201cLe gusta que la llamen Presidenta, con \u2018a\u2019 al final. Hizo historia en 2024 al convertirse en la primera mujer en gobernar M\u00e9xico\u201d, escribi\u00f3 Ramos. Adem\u00e1s, se\u00f1al\u00f3 que Sheinbaum, de 62 a\u00f1os, enfrenta dos grandes desaf\u00edos: \u201cla violencia impulsada por el narcotr\u00e1fico y los instintos expansionistas del presidente estadounidense Donald Trump, quien ha impuesto aranceles a M\u00e9xico alegando el tr\u00e1fico de drogas y migrantes en la frontera\u201d.<\/p>\n\n\n\n<p>En su semblanza, tambi\u00e9n se menciona que, pese a las cifras de violencia heredadas del sexenio anterior \u2014con m\u00e1s de 180 mil asesinatos\u2014, Sheinbaum ha optado por no criticar p\u00fablicamente a su predecesor y fundador de Morena, Andr\u00e9s Manuel L\u00f3pez Obrador. \u201cSin embargo, a pesar de los cambios en la estrategia de seguridad de M\u00e9xico, se ha negado a criticar las pol\u00edticas pasadas de su predecesor, Andr\u00e9s Manuel L\u00f3pez Obrador\u201d, se lee en el texto.<\/p>\n\n\n\n<p>En respuesta a su inclusi\u00f3n en la lista de \u00abTime\u00bb, Sheinbaum expres\u00f3 este mi\u00e9rcoles que \u201cestos reconocimientos m\u00e1s que a mi persona es al pueblo de M\u00e9xico\u201d.<\/p>\n\n\n\n<p>Enfatiz\u00f3 que lo importante es no perder el contacto con la ciudadan\u00eda: \u201cHay quien se obnubila con estas cosas, y no hay que tener siempre los pies en la tierra y asumir que si uno hace un trabajo que est\u00e1 a la altura del pueblo de M\u00e9xico, porque el pueblo de M\u00e9xico es lo mejor que hay, pues es gracias a este v\u00ednculo que tenemos con nuestro movimiento, con la historia y con el pueblo, no traicionar y ser honestos\u201d.<\/p>\n\n\n\n<p>(Informaci\u00f3n de \u201cNaci\u00f3n 321\u201d)<\/p>\n","protected":false},"excerpt":{"rendered":"<p>Redacci\u00f3n\/Zona Roja Cdmx. Ciudad de M\u00e9xico, a 17 de abril de 2025.- La presidenta de&hellip;<\/p>\n","protected":false},"author":2,"featured_media":79470,"comment_status":"closed","ping_status":"open","sticky":false,"template":"","format":"standard","meta":{"_lmt_disableupdate":"","_lmt_disable":"","_jetpack_memberships_contains_paid_content":false,"footnotes":""},"categories":[109,46],"tags":[3962],"class_list":["post-79469","post","type-post","status-publish","format-standard","has-post-thumbnail","hentry","category-minuto-a-minuto","category-zona-blanca","tag-hijos-de-claudia-sheinbaum"],"jetpack_featured_media_url":"https:\/\/zonaroja.com.mx\/wp-content\/uploads\/2025\/04\/Claudia-Sheinbaum-Time.jpg","jetpack_sharing_enabled":true,"_links":{"self":[{"href":"https:\/\/zonaroja.com.mx\/index.php?rest_route=\/wp\/v2\/posts\/79469","targetHints":{"allow":["GET"]}}],"collection":[{"href":"https:\/\/zonaroja.com.mx\/index.php?rest_route=\/wp\/v2\/posts"}],"about":[{"href":"https:\/\/zonaroja.com.mx\/index.php?rest_route=\/wp\/v2\/types\/post"}],"author":[{"embeddable":true,"href":"https:\/\/zonaroja.com.mx\/index.php?rest_route=\/wp\/v2\/users\/2"}],"replies":[{"embeddable":true,"href":"https:\/\/zonaroja.com.mx\/index.php?rest_route=%2Fwp%2Fv2%2Fcomments&post=79469"}],"version-history":[{"count":1,"href":"https:\/\/zonaroja.com.mx\/index.php?rest_route=\/wp\/v2\/posts\/79469\/revisions"}],"predecessor-version":[{"id":79471,"href":"https:\/\/zonaroja.com.mx\/index.php?rest_route=\/wp\/v2\/posts\/79469\/revisions\/79471"}],"wp:featuredmedia":[{"embeddable":true,"href":"https:\/\/zonaroja.com.mx\/index.php?rest_route=\/wp\/v2\/media\/79470"}],"wp:attachment":[{"href":"https:\/\/zonaroja.com.mx\/index.php?rest_route=%2Fwp%2Fv2%2Fmedia&parent=79469"}],"wp:term":[{"taxonomy":"category","embeddable":true,"href":"https:\/\/zonaroja.com.mx\/index.php?rest_route=%2Fwp%2Fv2%2Fcategories&post=79469"},{"taxonomy":"post_tag","embeddable":true,"href":"https:\/\/zonaroja.com.mx\/index.php?rest_route=%2Fwp%2Fv2%2Ftags&post=79469"}],"curies":[{"name":"wp","href":"https:\/\/api.w.org\/{rel}","templated":true}]}}