{"id":7947,"date":"2020-01-22T19:44:01","date_gmt":"2020-01-23T01:44:01","guid":{"rendered":"http:\/\/www.zonaroja.com.mx\/?p=7947"},"modified":"2020-01-22T19:44:06","modified_gmt":"2020-01-23T01:44:06","slug":"cubre-congreso-local-deuda-historica-y-aprueba-ley-de-consulta-a-pueblos","status":"publish","type":"post","link":"https:\/\/zonaroja.com.mx\/?p=7947","title":{"rendered":"Cubre Congreso local deuda hist\u00f3rica y aprueba Ley de Consulta a Pueblos"},"content":{"rendered":"\n<p>Redacci\u00f3n\/Zona\nRoja.<\/p>\n\n\n\n<p>San Raymundo\nJalpan, Oax. 22 de enero de 2020.- Tras varios meses de retraso y a fin de\ncubrir una deuda hist\u00f3rica con los pueblos aut\u00f3ctonos, el Congreso local aprob\u00f3\neste mi\u00e9rcoles con 32 votos el decreto de creaci\u00f3n de la Ley de Consulta\nPrevia, Libre e Informada de los Pueblos y Comunidades Ind\u00edgenas y\nAfromexicanas para el Estado de Oaxaca.<\/p>\n\n\n\n<p>Esta norma jur\u00eddica\nestablece los principios, bases y procedimientos para garantizar el derecho a\nla consulta, y reconoce a las comunidades y pueblos ind\u00edgenas y afromexicano\ncomo sujetos de derecho p\u00fablico.<\/p>\n\n\n\n<p>Tras ello, el\ndiputado Horacio Sosa Villavicencio, presidente de la Junta de Coordinaci\u00f3n\nPol\u00edtica, manifest\u00f3 que la ley reconoce el derecho a la consulta a los pueblos\ny comunidades ind\u00edgenas y afromexicana como un derecho colectivo. <\/p>\n\n\n\n<p>Adem\u00e1s, obliga a las autoridades a llevar a cabo la consulta cada vez que se prevean medidas administrativas o legislativas susceptibles de causar afectaciones.<\/p>\n\n\n\n<figure class=\"wp-block-embed-twitter wp-block-embed is-type-rich is-provider-twitter\"><div class=\"wp-block-embed__wrapper\">\n<div class=\"twitter-tweet\"><blockquote class=\"twitter-tweet\" data-lang=\"es\"><p lang=\"es\" dir=\"ltr\">Hist\u00f3rico: Con 36 votos, el pleno del <a href=\"https:\/\/twitter.com\/CongresoOaxLXIV?ref_src=twsrc%5Etfw\">@CongresoOaxLXIV<\/a> aprob\u00f3 el decreto de creaci\u00f3n de la Ley de Consulta Previa, Libre e Informada a Pueblos Ind\u00edgenas y Afromexicano de Oaxaca.<a href=\"https:\/\/twitter.com\/DEELAYUUK?ref_src=twsrc%5Etfw\">@DEELAYUUK<\/a> <a href=\"https:\/\/twitter.com\/yasnayae?ref_src=twsrc%5Etfw\">@yasnayae<\/a> <a href=\"https:\/\/twitter.com\/HoracioSosaOax?ref_src=twsrc%5Etfw\">@HoracioSosaOax<\/a> <a href=\"https:\/\/twitter.com\/Magaly_LopezOax?ref_src=twsrc%5Etfw\">@Magaly_LopezOax<\/a> <a href=\"https:\/\/twitter.com\/comunaoax?ref_src=twsrc%5Etfw\">@comunaoax<\/a> <a href=\"https:\/\/twitter.com\/flaviososavilla?ref_src=twsrc%5Etfw\">@flaviososavilla<\/a> <a href=\"https:\/\/twitter.com\/Elisa_ZepedaOax?ref_src=twsrc%5Etfw\">@Elisa_ZepedaOax<\/a> <a href=\"https:\/\/t.co\/A35WNyjpzD\">pic.twitter.com\/A35WNyjpzD<\/a><\/p>&mdash; Zona Roja Oaxaca (@MexRoja) <a href=\"https:\/\/twitter.com\/MexRoja\/status\/1220112647871455234?ref_src=twsrc%5Etfw\">22 de enero de 2020<\/a><\/blockquote><\/div>\n<\/div><\/figure>\n\n\n\n<p>\u201cHoy, los\npueblos y comunidades podr\u00e1n dar su consentimiento o rechazar la medida, llegar\na un acuerdo con la autoridad, o&nbsp; en su\ncaso emitir opiniones y propuestas respecto de la medida consultada\u201d, se\u00f1al\u00f3.<\/p>\n\n\n\n<p>Este\nordenamiento fue elaborado con las aportaciones realizadas por la ciudadan\u00eda,\nacad\u00e9micos, autoridades municipales, n\u00facleos agrarios, asociaciones y\norganizaciones de la sociedad civil, y representantes populares.<\/p>\n\n\n\n<p>As\u00ed como\ndiputados federales e integrantes del Instituto Nacional de Pueblos Ind\u00edgenas,\nentre muchos otros,&nbsp; a lo largo de 16\nforos regionales,&nbsp; un foro estatal y\ntrabajo coordinado de cuatro comisiones unidas. Como \u00f3rgano garante, acudi\u00f3 la\nDefensor\u00eda de los Derechos Humanos del Pueblo de Oaxaca.<\/p>\n\n\n\n<p>Para la\nconstrucci\u00f3n de la ley, las comisiones dictaminadoras adem\u00e1s de tomar en cuenta\nlas opiniones, preocupaciones y aportaciones de los pueblos, tambi\u00e9n se\nconsideraron los precedentes jurisprudenciales en materia de derecho de los\npueblos ind\u00edgenas.<\/p>\n\n\n\n<p>La propuesta\nfinal de la Ley de Consulta Ind\u00edgena para Oaxaca, estuvo a cargo de las\nComisiones permanentes de Asuntos Ind\u00edgenas y Migraci\u00f3n, Administraci\u00f3n y\nProcuraci\u00f3n de Justicia, Democracia y Participaci\u00f3n Ciudadana y Derechos\nHumanos, y consta de 81 Art\u00edculos distribuidos en 24 Cap\u00edtulos, siete T\u00edtulos y\ncinco Transitorios.<\/p>\n","protected":false},"excerpt":{"rendered":"<p>Redacci\u00f3n\/Zona Roja. San Raymundo Jalpan, Oax. 22 de enero de 2020.- Tras varios meses de&hellip;<\/p>\n","protected":false},"author":2,"featured_media":7949,"comment_status":"closed","ping_status":"open","sticky":false,"template":"","format":"standard","meta":{"_lmt_disableupdate":"","_lmt_disable":"","_jetpack_memberships_contains_paid_content":false,"footnotes":""},"categories":[109,46],"tags":[213,444],"class_list":["post-7947","post","type-post","status-publish","format-standard","has-post-thumbnail","hentry","category-minuto-a-minuto","category-zona-blanca","tag-64-legislatura-de-oaxaca","tag-horacio-sosa-villavicencio"],"jetpack_featured_media_url":"https:\/\/zonaroja.com.mx\/wp-content\/uploads\/2020\/01\/Ley-consulta-ind\u00edgena.jpg","jetpack_sharing_enabled":true,"_links":{"self":[{"href":"https:\/\/zonaroja.com.mx\/index.php?rest_route=\/wp\/v2\/posts\/7947","targetHints":{"allow":["GET"]}}],"collection":[{"href":"https:\/\/zonaroja.com.mx\/index.php?rest_route=\/wp\/v2\/posts"}],"about":[{"href":"https:\/\/zonaroja.com.mx\/index.php?rest_route=\/wp\/v2\/types\/post"}],"author":[{"embeddable":true,"href":"https:\/\/zonaroja.com.mx\/index.php?rest_route=\/wp\/v2\/users\/2"}],"replies":[{"embeddable":true,"href":"https:\/\/zonaroja.com.mx\/index.php?rest_route=%2Fwp%2Fv2%2Fcomments&post=7947"}],"version-history":[{"count":1,"href":"https:\/\/zonaroja.com.mx\/index.php?rest_route=\/wp\/v2\/posts\/7947\/revisions"}],"predecessor-version":[{"id":7950,"href":"https:\/\/zonaroja.com.mx\/index.php?rest_route=\/wp\/v2\/posts\/7947\/revisions\/7950"}],"wp:featuredmedia":[{"embeddable":true,"href":"https:\/\/zonaroja.com.mx\/index.php?rest_route=\/wp\/v2\/media\/7949"}],"wp:attachment":[{"href":"https:\/\/zonaroja.com.mx\/index.php?rest_route=%2Fwp%2Fv2%2Fmedia&parent=7947"}],"wp:term":[{"taxonomy":"category","embeddable":true,"href":"https:\/\/zonaroja.com.mx\/index.php?rest_route=%2Fwp%2Fv2%2Fcategories&post=7947"},{"taxonomy":"post_tag","embeddable":true,"href":"https:\/\/zonaroja.com.mx\/index.php?rest_route=%2Fwp%2Fv2%2Ftags&post=7947"}],"curies":[{"name":"wp","href":"https:\/\/api.w.org\/{rel}","templated":true}]}}