{"id":79475,"date":"2025-04-17T11:30:00","date_gmt":"2025-04-17T17:30:00","guid":{"rendered":"https:\/\/zonaroja.com.mx\/?p=79475"},"modified":"2025-04-17T08:32:33","modified_gmt":"2025-04-17T14:32:33","slug":"implementa-la-profeso-acciones-de-vigilancia-en-semana-santa","status":"publish","type":"post","link":"https:\/\/zonaroja.com.mx\/?p=79475","title":{"rendered":"Implementa la Profeso acciones de vigilancia en Semana Santa"},"content":{"rendered":"\n<p>Redacci\u00f3n\/Zona Roja.<\/p>\n\n\n\n<p>Oaxaca de Ju\u00e1rez, Oax., a 17 de abril de 2025.- Por instrucciones&nbsp;del&nbsp;procurador Federal del Consumidor, Iv\u00e1n Escalante Ruiz,&nbsp;la Oficina de la Profeco en Oaxaca&nbsp;participa en el Programa de Verificaci\u00f3n y Vigilancia&nbsp;\u201cCuaresma y Semana Santa 2025\u201d.<\/p>\n\n\n\n<p>Tiene el&nbsp;objetivo proteger y promover los derechos de la poblaci\u00f3n consumidora&nbsp;mediante atenci\u00f3n&nbsp;de asesor\u00edas en sitio atenci\u00f3n&nbsp;denuncias, realizaci\u00f3n de vigilancias focalizadas y difusi\u00f3n de derechos de consumidores,&nbsp;espec\u00edficamente con proveedores de productos y servicios de&nbsp;mayor consumo en esta temporada, como lo son pescader\u00edas, venta de mariscos y productos acu\u00e1ticos, terminales de transporte pasajero,&nbsp;mercados,&nbsp;hoteles, restaurantes, venta de productos religiosos, entre otros.&nbsp;<\/p>\n\n\n\n<p>El programa, que&nbsp;dio inicio el 12 de marzo y concluye el 20 de abril de 2025,&nbsp;se mantiene&nbsp;en Oaxaca&nbsp;con acciones&nbsp;en los principales destinos tur\u00edsticos del estado&nbsp;que corresponden a&nbsp;los municipios de Oaxaca de Ju\u00e1rez,&nbsp;Zaachila, Ocotl\u00e1n de Morelos, Etla,&nbsp;Tlacolula&nbsp;y&nbsp;Mitla, adem\u00e1s del municipio de Tuxtepec y&nbsp;en&nbsp;localidades de&nbsp;la Costa de Oaxaca:&nbsp;Bah\u00edas de Huatulco,&nbsp;Zicatela, Puerto Escondido, en donde se desarrollan&nbsp;las siguientes acciones:<\/p>\n\n\n\n<p>Entre las acciones se encuentran:<\/p>\n\n\n\n<p>\u2022&nbsp;Brigadas&nbsp;de servidores p\u00fablicos de Profeco que durante recorridos monitorean en sitio el comportamiento comercial y atienden asesor\u00edas de consumidores.&nbsp;Al 16 de abril se realizaron 36 recorridos, mismos que se mantendr\u00e1n&nbsp;diariamente&nbsp;hasta el cierre del Programa.&nbsp;<\/p>\n\n\n\n<p>\u2022&nbsp;Reuniones de capacitaci\u00f3n a proveedores, de las cuales tres fueron con expendedores de alimentos y otros productos en las playas&nbsp;Puerto Angelito, Carrizalillo y Manzanillo pertenecientes a&nbsp;Puerto Escondido, adem\u00e1s de mercados p\u00fablicos del Centro Hist\u00f3rico de Oaxaca.<\/p>\n\n\n\n<p>\u2022&nbsp;Se colocaron&nbsp;296&nbsp;preciadores en igual n\u00famero de establecimientos para garantizar que consumidores tengan a la vista los precios totales de los productos y servicios que adquieren.<\/p>\n\n\n\n<p>\u2022&nbsp;Se realizaron&nbsp;35&nbsp;visitas de vigilancia focalizadas&nbsp;<\/p>\n\n\n\n<p>\u2022&nbsp;Se han atendido&nbsp;26&nbsp;denuncias mediante&nbsp;igual n\u00famero de visitas de verificaci\u00f3n.&nbsp;<\/p>\n\n\n\n<p>Con esta acci\u00f3n, Profeco reitera su compromiso por proteger a la poblaci\u00f3n consumidora y &nbsp;pone a disposici\u00f3n de la poblaci\u00f3n los canales de comunicaci\u00f3n&nbsp;en el&nbsp;&nbsp;Tel\u00e9fono del Consumidor 800 468 8722, en la ciudad de Oaxaca el 951 51 3 41 41,&nbsp;y&nbsp;de las redes sociales oficiales en&nbsp;Twitter: @AtencionProfeco&nbsp;y en Facebook:&nbsp;ProfecoOficial.<\/p>\n","protected":false},"excerpt":{"rendered":"<p>Redacci\u00f3n\/Zona Roja. Oaxaca de Ju\u00e1rez, Oax., a 17 de abril de 2025.- Por instrucciones&nbsp;del&nbsp;procurador Federal&hellip;<\/p>\n","protected":false},"author":2,"featured_media":79476,"comment_status":"closed","ping_status":"open","sticky":false,"template":"","format":"standard","meta":{"_lmt_disableupdate":"","_lmt_disable":"","_jetpack_memberships_contains_paid_content":false,"footnotes":""},"categories":[109,46],"tags":[788],"class_list":["post-79475","post","type-post","status-publish","format-standard","has-post-thumbnail","hentry","category-minuto-a-minuto","category-zona-blanca","tag-profeco-oaxaca"],"jetpack_featured_media_url":"https:\/\/zonaroja.com.mx\/wp-content\/uploads\/2025\/04\/Profeco-Oaxaca.jpg","jetpack_sharing_enabled":true,"_links":{"self":[{"href":"https:\/\/zonaroja.com.mx\/index.php?rest_route=\/wp\/v2\/posts\/79475","targetHints":{"allow":["GET"]}}],"collection":[{"href":"https:\/\/zonaroja.com.mx\/index.php?rest_route=\/wp\/v2\/posts"}],"about":[{"href":"https:\/\/zonaroja.com.mx\/index.php?rest_route=\/wp\/v2\/types\/post"}],"author":[{"embeddable":true,"href":"https:\/\/zonaroja.com.mx\/index.php?rest_route=\/wp\/v2\/users\/2"}],"replies":[{"embeddable":true,"href":"https:\/\/zonaroja.com.mx\/index.php?rest_route=%2Fwp%2Fv2%2Fcomments&post=79475"}],"version-history":[{"count":1,"href":"https:\/\/zonaroja.com.mx\/index.php?rest_route=\/wp\/v2\/posts\/79475\/revisions"}],"predecessor-version":[{"id":79477,"href":"https:\/\/zonaroja.com.mx\/index.php?rest_route=\/wp\/v2\/posts\/79475\/revisions\/79477"}],"wp:featuredmedia":[{"embeddable":true,"href":"https:\/\/zonaroja.com.mx\/index.php?rest_route=\/wp\/v2\/media\/79476"}],"wp:attachment":[{"href":"https:\/\/zonaroja.com.mx\/index.php?rest_route=%2Fwp%2Fv2%2Fmedia&parent=79475"}],"wp:term":[{"taxonomy":"category","embeddable":true,"href":"https:\/\/zonaroja.com.mx\/index.php?rest_route=%2Fwp%2Fv2%2Fcategories&post=79475"},{"taxonomy":"post_tag","embeddable":true,"href":"https:\/\/zonaroja.com.mx\/index.php?rest_route=%2Fwp%2Fv2%2Ftags&post=79475"}],"curies":[{"name":"wp","href":"https:\/\/api.w.org\/{rel}","templated":true}]}}