{"id":79478,"date":"2025-04-17T12:34:00","date_gmt":"2025-04-17T18:34:00","guid":{"rendered":"https:\/\/zonaroja.com.mx\/?p=79478"},"modified":"2025-04-17T08:35:52","modified_gmt":"2025-04-17T14:35:52","slug":"arde-el-pais-con-124-incendios-forestales-oaxaca-de-los-mas-afectados","status":"publish","type":"post","link":"https:\/\/zonaroja.com.mx\/?p=79478","title":{"rendered":"Arde el pa\u00eds con 124 incendios forestales; Oaxaca, de los m\u00e1s afectados"},"content":{"rendered":"\n<p>Redacci\u00f3n\/Zona Roja Cdmx.<\/p>\n\n\n\n<p>Ciudad de M\u00e9xico, a 17 de abril de 2025.- M\u00e9xico enfrenta una emergencia ambiental, con 124 incendios forestales activos en distintos estados del pa\u00eds, incluidos 34 en \u00e1reas naturales protegidas, seg\u00fan reportes oficiales de la Comisi\u00f3n Nacional Forestal (Conafor).<\/p>\n\n\n\n<p>Esto ocurre luego de que el pasado lunes 14 de abril se reportaran un total de 114 incendios activos, incluidos 20 en \u00c1reas Naturales Protegidas; no obstante, para este mi\u00e9rcoles la Conafor inform\u00f3 que los 124 incendios que est\u00e1n activos han afectado 48 mil 66 hect\u00e1reas en al menos 28 estados.<\/p>\n\n\n\n<p>Las altas temperaturas, la sequ\u00eda y los fuertes vientos han complicado las labores de contenci\u00f3n en los \u00faltimos d\u00edas. Por lo que, para hacer frente a la situaci\u00f3n, 5 mil 391 brigadistas trabajan a contrarreloj en todo el pa\u00eds, con el apoyo de fuerzas armadas y autoridades locales.<\/p>\n\n\n\n<p>De acuerdo con la titular de Protecci\u00f3n Civil, Laura Vel\u00e1zquez, los estados mayor n\u00famero de incendios activos son Chihuahua, Durango, Oaxaca, Guerrero y Chiapas.<\/p>\n\n\n\n<p>\u201cPara combatir estos incendios activos forestales en nuestro pa\u00eds, hay combatientes de la Conafor, de la Defensa, de la Guardia Nacional, de la Marina, de los gobiernos de los estados y de los municipios, y de los voluntarios. (\u2026) Ninguno de los incendios activos que se encuentran en el territorio nacional representa un riesgo a la poblaci\u00f3n\u201d, asegur\u00f3 Vel\u00e1zquez durante la conferencia matutina de la presidenta Claudia Sheinbaum, el lunes 14 de abril.<\/p>\n\n\n\n<p>Laura Vel\u00e1zquez explic\u00f3 que el d\u00e9ficit de lluvias registrado en lo que va del a\u00f1o, sumado a las altas temperaturas, provoc\u00f3 que el 42.8 por ciento del territorio nacional se encuentre en condiciones de sequ\u00eda, que van de moderada a excepcional, ocasionando el incrementado de manera considerable de incendios forestales.<\/p>\n\n\n\n<p>En su informe diario de este mi\u00e9rcoles 16 de abril, la Conafor indic\u00f3 que 35 incendios fueron completamente liquidados; sin embargo, el fuego afecto mil 562 hect\u00e1reas de vegetaci\u00f3n.<\/p>\n\n\n\n<p>El Gobierno Federal tambi\u00e9n hizo un llamado a la poblaci\u00f3n para no intentar combatir incendios por cuenta propia, a menos que se cuente con capacitaci\u00f3n especializada en manejo del fuego, ya que esto puede poner en riesgo la vida de las personas y entorpecer las labores oficiales.<\/p>\n\n\n\n<p>(Informaci\u00f3n de \u201cEl Financiero\u201d)<\/p>\n","protected":false},"excerpt":{"rendered":"<p>Redacci\u00f3n\/Zona Roja Cdmx. Ciudad de M\u00e9xico, a 17 de abril de 2025.- M\u00e9xico enfrenta una&hellip;<\/p>\n","protected":false},"author":2,"featured_media":76404,"comment_status":"closed","ping_status":"open","sticky":false,"template":"","format":"standard","meta":{"_lmt_disableupdate":"","_lmt_disable":"","_jetpack_memberships_contains_paid_content":false,"footnotes":""},"categories":[109,47],"tags":[3890],"class_list":["post-79478","post","type-post","status-publish","format-standard","has-post-thumbnail","hentry","category-minuto-a-minuto","category-zona-gris","tag-incendios-forestales-en-mexico"],"jetpack_featured_media_url":"https:\/\/zonaroja.com.mx\/wp-content\/uploads\/2025\/01\/Incendio-Los-Angeles.jpg","jetpack_sharing_enabled":true,"_links":{"self":[{"href":"https:\/\/zonaroja.com.mx\/index.php?rest_route=\/wp\/v2\/posts\/79478","targetHints":{"allow":["GET"]}}],"collection":[{"href":"https:\/\/zonaroja.com.mx\/index.php?rest_route=\/wp\/v2\/posts"}],"about":[{"href":"https:\/\/zonaroja.com.mx\/index.php?rest_route=\/wp\/v2\/types\/post"}],"author":[{"embeddable":true,"href":"https:\/\/zonaroja.com.mx\/index.php?rest_route=\/wp\/v2\/users\/2"}],"replies":[{"embeddable":true,"href":"https:\/\/zonaroja.com.mx\/index.php?rest_route=%2Fwp%2Fv2%2Fcomments&post=79478"}],"version-history":[{"count":1,"href":"https:\/\/zonaroja.com.mx\/index.php?rest_route=\/wp\/v2\/posts\/79478\/revisions"}],"predecessor-version":[{"id":79479,"href":"https:\/\/zonaroja.com.mx\/index.php?rest_route=\/wp\/v2\/posts\/79478\/revisions\/79479"}],"wp:featuredmedia":[{"embeddable":true,"href":"https:\/\/zonaroja.com.mx\/index.php?rest_route=\/wp\/v2\/media\/76404"}],"wp:attachment":[{"href":"https:\/\/zonaroja.com.mx\/index.php?rest_route=%2Fwp%2Fv2%2Fmedia&parent=79478"}],"wp:term":[{"taxonomy":"category","embeddable":true,"href":"https:\/\/zonaroja.com.mx\/index.php?rest_route=%2Fwp%2Fv2%2Fcategories&post=79478"},{"taxonomy":"post_tag","embeddable":true,"href":"https:\/\/zonaroja.com.mx\/index.php?rest_route=%2Fwp%2Fv2%2Ftags&post=79478"}],"curies":[{"name":"wp","href":"https:\/\/api.w.org\/{rel}","templated":true}]}}