{"id":79483,"date":"2025-04-17T20:27:12","date_gmt":"2025-04-18T02:27:12","guid":{"rendered":"https:\/\/zonaroja.com.mx\/?p=79483"},"modified":"2025-04-17T20:27:15","modified_gmt":"2025-04-18T02:27:15","slug":"jueves-santo-en-oaxaca-capital-balacera-intento-de-secuestro-y-dos-detenidos","status":"publish","type":"post","link":"https:\/\/zonaroja.com.mx\/?p=79483","title":{"rendered":"Jueves Santo en Oaxaca capital: balacera, intento de secuestro y dos detenidos"},"content":{"rendered":"\n<p>Raymundo Morales\/Zona Roja.<\/p>\n\n\n\n<p>Oaxaca de Ju\u00e1rez, Oax., a 17 de abril de 2025.- De nueva cuenta la capital de Oaxaca fue escenario de hechos violentos.<\/p>\n\n\n\n<p>Alrededor del mediod\u00eda, al menos tres sujetos armados ingresaron con violencia a un domicilio en la calle Maguey de la colonia Magueyera, en la agencia Trinidad de Viguera, y pretendieron cometer un secuestro y asalto.<\/p>\n\n\n\n<p>Ante el llamado de auxilio de los vecinos, elementos de la polic\u00eda capitalina y de la Polic\u00eda Estatal arribaron a la zona y lograron efectuar la detenci\u00f3n de dos personas, adem\u00e1s de localizar un arma de fuego; en tanto una femenina resulto lesionada por disparos de arma de fuego.<\/p>\n\n\n\n<p>Tras la detenci\u00f3n, ambas personas fueron puestas a disposici\u00f3n de la Fiscal\u00eda General del Estado de Oaxaca, que detall\u00f3 en un comunicado que, de acuerdo con los reportes policiales y las primeras entrevistas ministeriales, se estableci\u00f3 que un grupo de personas ingres\u00f3 a un local comercial donde sometieron a dos trabajadores que quedaron atados y posteriormente ingresaron al domicilio contiguo.<\/p>\n\n\n\n<p>En el domicilio particular le quitaron la vida a un perro y agredieron a golpes a una de las v\u00edctimas, momento en que pidieron auxilio, ante lo cual respondieron elementos de la Polic\u00eda Municipal de la capital que realizaron los primeros trabajos que posteriormente fueron respaldados por la Polic\u00eda Estatal, acci\u00f3n con la que se logr\u00f3 la detenci\u00f3n de C.B.S. y U.H.M.<\/p>\n\n\n\n<p>Enseguida, arribaron elementos de la Agencia Estatal de Investigaciones (AEI) de la FGEO para brindar apoyo para el procesamiento inicial, mientras que los dos sujetos sexo masculino fueron identificados como C.B.S. y U.H.M., ambos originarios de Veracruz, quienes quedaron a disposici\u00f3n del agente del Ministerio P\u00fablico adscrito a la Vicefiscal\u00eda Regional de Valles Centrales, para que se determine su situaci\u00f3n jur\u00eddica.<\/p>\n\n\n\n<figure class=\"wp-block-embed is-type-rich is-provider-twitter wp-block-embed-twitter\"><div class=\"wp-block-embed__wrapper\">\n<div class=\"twitter-tweet\"><blockquote class=\"twitter-tweet\" data-lang=\"es\"><p lang=\"es\" dir=\"ltr\">\u00a1Otra vez! <br><br>Este mediod\u00eda se registr\u00f3 una balacera en la agencia de Trinidad de Viguera, en la zona poniente de la ciudad de Oaxaca. <br><br>De manera preliminar se informa que hay dos personas detenidas y dos lesionadas. <br><br>\u00bfY los operativos y patrullajes de los polic\u00edas del\u2026 <a href=\"https:\/\/t.co\/9n5YWuvn2C\">pic.twitter.com\/9n5YWuvn2C<\/a><\/p>&mdash; Zona Roja Oaxaca (@ZonaRoja_Oaxaca) <a href=\"https:\/\/twitter.com\/ZonaRoja_Oaxaca\/status\/1912952906258743714?ref_src=twsrc%5Etfw\">17 de abril de 2025<\/a><\/blockquote><\/div>\n<\/div><\/figure>\n","protected":false},"excerpt":{"rendered":"<p>Raymundo Morales\/Zona Roja. Oaxaca de Ju\u00e1rez, Oax., a 17 de abril de 2025.- De nueva&hellip;<\/p>\n","protected":false},"author":2,"featured_media":79484,"comment_status":"closed","ping_status":"open","sticky":false,"template":"","format":"standard","meta":{"_lmt_disableupdate":"","_lmt_disable":"","_jetpack_memberships_contains_paid_content":false,"footnotes":""},"categories":[109,47],"tags":[494,148],"class_list":["post-79483","post","type-post","status-publish","format-standard","has-post-thumbnail","hentry","category-minuto-a-minuto","category-zona-gris","tag-fiscalia-general-del-estado-de-oaxaca","tag-oaxaca-de-juarez"],"jetpack_featured_media_url":"https:\/\/zonaroja.com.mx\/wp-content\/uploads\/2025\/04\/DEtenidos-asalto-ciudad-de-Oaxaca-Viguera-Fiscalia.jpg","jetpack_sharing_enabled":true,"_links":{"self":[{"href":"https:\/\/zonaroja.com.mx\/index.php?rest_route=\/wp\/v2\/posts\/79483","targetHints":{"allow":["GET"]}}],"collection":[{"href":"https:\/\/zonaroja.com.mx\/index.php?rest_route=\/wp\/v2\/posts"}],"about":[{"href":"https:\/\/zonaroja.com.mx\/index.php?rest_route=\/wp\/v2\/types\/post"}],"author":[{"embeddable":true,"href":"https:\/\/zonaroja.com.mx\/index.php?rest_route=\/wp\/v2\/users\/2"}],"replies":[{"embeddable":true,"href":"https:\/\/zonaroja.com.mx\/index.php?rest_route=%2Fwp%2Fv2%2Fcomments&post=79483"}],"version-history":[{"count":1,"href":"https:\/\/zonaroja.com.mx\/index.php?rest_route=\/wp\/v2\/posts\/79483\/revisions"}],"predecessor-version":[{"id":79485,"href":"https:\/\/zonaroja.com.mx\/index.php?rest_route=\/wp\/v2\/posts\/79483\/revisions\/79485"}],"wp:featuredmedia":[{"embeddable":true,"href":"https:\/\/zonaroja.com.mx\/index.php?rest_route=\/wp\/v2\/media\/79484"}],"wp:attachment":[{"href":"https:\/\/zonaroja.com.mx\/index.php?rest_route=%2Fwp%2Fv2%2Fmedia&parent=79483"}],"wp:term":[{"taxonomy":"category","embeddable":true,"href":"https:\/\/zonaroja.com.mx\/index.php?rest_route=%2Fwp%2Fv2%2Fcategories&post=79483"},{"taxonomy":"post_tag","embeddable":true,"href":"https:\/\/zonaroja.com.mx\/index.php?rest_route=%2Fwp%2Fv2%2Ftags&post=79483"}],"curies":[{"name":"wp","href":"https:\/\/api.w.org\/{rel}","templated":true}]}}