{"id":79489,"date":"2025-04-17T21:56:26","date_gmt":"2025-04-18T03:56:26","guid":{"rendered":"https:\/\/zonaroja.com.mx\/?p=79489"},"modified":"2025-04-17T21:56:27","modified_gmt":"2025-04-18T03:56:27","slug":"transportistas-impiden-de-nuevo-paso-de-autobuses-ado-a-puerto-escondido","status":"publish","type":"post","link":"https:\/\/zonaroja.com.mx\/?p=79489","title":{"rendered":"Transportistas impiden de nuevo paso de autobuses ADO a Puerto Escondido"},"content":{"rendered":"\n<p>Raymundo Morales\/Zona Roja.<\/p>\n\n\n\n<p>Oaxaca de Ju\u00e1rez, Oax., a 17 de abril de 2025.- Por en\u00e9sima ocasi\u00f3n, un grupo de transportistas y ex autoridades municipales de la Sierra Sur y de la regi\u00f3n Costa impidieron el paso de autobuses ADO en la supercarretera Oaxaca-Puerto Escondido, tramo Barranca Larga-Ventanilla.<\/p>\n\n\n\n<p>Asimismo, en el transcurso de la ma\u00f1ana impidieron temporalmente el paso en la caseta de peaje de Ventanilla, en la zona coste\u00f1a, al alegar competencia desleal por parte de la empresa de transportes.<\/p>\n\n\n\n<p>Se identificaron como Transportistas Unidos de Oaxaca, quienes, aseguran, exigen un trabajo igualitario y justo para las unidades de motor de transporte de pasajeros con que cuentan.<\/p>\n\n\n\n<p>No obstante, en esta ocasi\u00f3n arribaron elementos de la Polic\u00eda Estatal, de la Secretar\u00eda de Seguridad y Protecci\u00f3n Ciudadana, quienes efectuaron detenciones y despejaron la v\u00eda r\u00e1pida.<\/p>\n\n\n\n<p>Los inconformes alegaron represi\u00f3n y confirmaron la detenci\u00f3n de tres sus integrantes, de la l\u00ednea Bah\u00edas Colotepec: Mariano Jarqu\u00edn Jim\u00e9nez (55 a\u00f1os), Marino Ram\u00edrez Alonso (55 a\u00f1os) y Mario Uriel Jarqu\u00edn Ram\u00edrez (35 a\u00f1os).&nbsp;<\/p>\n\n\n\n<p>\u201cEn la actualidad, se encuentran en la comisar\u00eda de polic\u00eda estatal de Santa Mar\u00eda Colotepec, donde viven en condiciones inciertas\u201d, dieron a conocer.<\/p>\n\n\n\n<p>Hasta el momento no hay versi\u00f3n oficial de los hechos y la situaci\u00f3n de las personas detenidas.<\/p>\n","protected":false},"excerpt":{"rendered":"<p>Raymundo Morales\/Zona Roja. Oaxaca de Ju\u00e1rez, Oax., a 17 de abril de 2025.- Por en\u00e9sima&hellip;<\/p>\n","protected":false},"author":2,"featured_media":79490,"comment_status":"closed","ping_status":"open","sticky":false,"template":"","format":"standard","meta":{"_lmt_disableupdate":"","_lmt_disable":"","_jetpack_memberships_contains_paid_content":false,"footnotes":""},"categories":[109,47],"tags":[3639],"class_list":["post-79489","post","type-post","status-publish","format-standard","has-post-thumbnail","hentry","category-minuto-a-minuto","category-zona-gris","tag-supercarretera-oaxaca-costa"],"jetpack_featured_media_url":"https:\/\/zonaroja.com.mx\/wp-content\/uploads\/2025\/04\/Detenidos-transportistas-supercarretera-a-Puerto-Escondido.jpeg","jetpack_sharing_enabled":true,"_links":{"self":[{"href":"https:\/\/zonaroja.com.mx\/index.php?rest_route=\/wp\/v2\/posts\/79489","targetHints":{"allow":["GET"]}}],"collection":[{"href":"https:\/\/zonaroja.com.mx\/index.php?rest_route=\/wp\/v2\/posts"}],"about":[{"href":"https:\/\/zonaroja.com.mx\/index.php?rest_route=\/wp\/v2\/types\/post"}],"author":[{"embeddable":true,"href":"https:\/\/zonaroja.com.mx\/index.php?rest_route=\/wp\/v2\/users\/2"}],"replies":[{"embeddable":true,"href":"https:\/\/zonaroja.com.mx\/index.php?rest_route=%2Fwp%2Fv2%2Fcomments&post=79489"}],"version-history":[{"count":1,"href":"https:\/\/zonaroja.com.mx\/index.php?rest_route=\/wp\/v2\/posts\/79489\/revisions"}],"predecessor-version":[{"id":79491,"href":"https:\/\/zonaroja.com.mx\/index.php?rest_route=\/wp\/v2\/posts\/79489\/revisions\/79491"}],"wp:featuredmedia":[{"embeddable":true,"href":"https:\/\/zonaroja.com.mx\/index.php?rest_route=\/wp\/v2\/media\/79490"}],"wp:attachment":[{"href":"https:\/\/zonaroja.com.mx\/index.php?rest_route=%2Fwp%2Fv2%2Fmedia&parent=79489"}],"wp:term":[{"taxonomy":"category","embeddable":true,"href":"https:\/\/zonaroja.com.mx\/index.php?rest_route=%2Fwp%2Fv2%2Fcategories&post=79489"},{"taxonomy":"post_tag","embeddable":true,"href":"https:\/\/zonaroja.com.mx\/index.php?rest_route=%2Fwp%2Fv2%2Ftags&post=79489"}],"curies":[{"name":"wp","href":"https:\/\/api.w.org\/{rel}","templated":true}]}}