{"id":79492,"date":"2025-04-18T07:14:02","date_gmt":"2025-04-18T13:14:02","guid":{"rendered":"https:\/\/zonaroja.com.mx\/?p=79492"},"modified":"2025-04-18T07:14:05","modified_gmt":"2025-04-18T13:14:05","slug":"asalto-violento-a-oxxo-de-la-mixteca-dejo-dos-policias-heridos-hay-3-detenidos","status":"publish","type":"post","link":"https:\/\/zonaroja.com.mx\/?p=79492","title":{"rendered":"Asalto violento a Oxxo de la Mixteca dej\u00f3 dos polic\u00edas heridos; hay 3 detenidos"},"content":{"rendered":"\n<p>Raymundo Morales\/Zona Roja.<\/p>\n\n\n\n<p>Oaxaca de Ju\u00e1rez, Oax., a 18 de abril de 2025.- Un asalto violento se registr\u00f3 ayer jueves en Santiago Huajolotitl\u00e1n, municipio de la regi\u00f3n Mixteca de Oaxaca, con saldo de dos polic\u00edas municipales heridos y tres presuntos delincuentes detenidos.<\/p>\n\n\n\n<p>El hecho ocurri\u00f3 en el establecimiento ubicado a un costado de la carretera Huajuapan-Tehuac\u00e1n, cuando los presuntos delincuentes, dos mujeres y un hombre, amagaron con armas de fuego al personal y se apoderaron de dinero, equipos y mercanc\u00eda.<\/p>\n\n\n\n<p>Tras ello, huyeron con rumbo a Huajuapan de Le\u00f3n, donde fueron interceptados por polic\u00edas de ese municipio, quienes les marcaron el alto pero fueron agredidos a balazos, por lo cual dos uniformados resultaron lesionados.<\/p>\n\n\n\n<p>Finalmente los uniformados lograron detener a tres personas, identificadas como como B. R. C., alias \u201cBrisa\u201d,&nbsp; y J. L. M., as\u00ed como un hombre identificado como J. M. H. H., alias \u201cZamudio\u201d.<\/p>\n\n\n\n<p>La Fiscal\u00eda General del Estado inform\u00f3 que fueron puestos a disposici\u00f3n del agente del Ministerio P\u00fablico adscrito a la Vicefiscal\u00eda Regional de la Mixteca, que inici\u00f3 con los trabajos de investigaci\u00f3n correspondientes por los delitos de robo con violencia y tentativa de homicidio, para que resuelva su situaci\u00f3n jur\u00eddica conforme a los plazos que establece la ley.<\/p>\n\n\n\n<p>La Fiscal\u00eda de Oaxaca indic\u00f3 que trabaja en estrecha colaboraci\u00f3n con las polic\u00edas municipales de todo el estado, para hacer m\u00e1s efectivas las labores en materia de seguridad y procuraci\u00f3n de justicia para garantizar la seguridad p\u00fablica y la paz social en las ocho regiones de la entidad.<\/p>\n","protected":false},"excerpt":{"rendered":"<p>Raymundo Morales\/Zona Roja. Oaxaca de Ju\u00e1rez, Oax., a 18 de abril de 2025.- Un asalto&hellip;<\/p>\n","protected":false},"author":2,"featured_media":79493,"comment_status":"closed","ping_status":"open","sticky":false,"template":"","format":"standard","meta":{"_lmt_disableupdate":"","_lmt_disable":"","_jetpack_memberships_contains_paid_content":false,"footnotes":""},"categories":[109,47],"tags":[494],"class_list":["post-79492","post","type-post","status-publish","format-standard","has-post-thumbnail","hentry","category-minuto-a-minuto","category-zona-gris","tag-fiscalia-general-del-estado-de-oaxaca"],"jetpack_featured_media_url":"https:\/\/zonaroja.com.mx\/wp-content\/uploads\/2025\/04\/Asalto-Oxxo-Huajolotitlan.jpg","jetpack_sharing_enabled":true,"_links":{"self":[{"href":"https:\/\/zonaroja.com.mx\/index.php?rest_route=\/wp\/v2\/posts\/79492","targetHints":{"allow":["GET"]}}],"collection":[{"href":"https:\/\/zonaroja.com.mx\/index.php?rest_route=\/wp\/v2\/posts"}],"about":[{"href":"https:\/\/zonaroja.com.mx\/index.php?rest_route=\/wp\/v2\/types\/post"}],"author":[{"embeddable":true,"href":"https:\/\/zonaroja.com.mx\/index.php?rest_route=\/wp\/v2\/users\/2"}],"replies":[{"embeddable":true,"href":"https:\/\/zonaroja.com.mx\/index.php?rest_route=%2Fwp%2Fv2%2Fcomments&post=79492"}],"version-history":[{"count":1,"href":"https:\/\/zonaroja.com.mx\/index.php?rest_route=\/wp\/v2\/posts\/79492\/revisions"}],"predecessor-version":[{"id":79494,"href":"https:\/\/zonaroja.com.mx\/index.php?rest_route=\/wp\/v2\/posts\/79492\/revisions\/79494"}],"wp:featuredmedia":[{"embeddable":true,"href":"https:\/\/zonaroja.com.mx\/index.php?rest_route=\/wp\/v2\/media\/79493"}],"wp:attachment":[{"href":"https:\/\/zonaroja.com.mx\/index.php?rest_route=%2Fwp%2Fv2%2Fmedia&parent=79492"}],"wp:term":[{"taxonomy":"category","embeddable":true,"href":"https:\/\/zonaroja.com.mx\/index.php?rest_route=%2Fwp%2Fv2%2Fcategories&post=79492"},{"taxonomy":"post_tag","embeddable":true,"href":"https:\/\/zonaroja.com.mx\/index.php?rest_route=%2Fwp%2Fv2%2Ftags&post=79492"}],"curies":[{"name":"wp","href":"https:\/\/api.w.org\/{rel}","templated":true}]}}