{"id":79504,"date":"2025-04-18T11:20:00","date_gmt":"2025-04-18T17:20:00","guid":{"rendered":"https:\/\/zonaroja.com.mx\/?p=79504"},"modified":"2025-04-18T08:29:14","modified_gmt":"2025-04-18T14:29:14","slug":"presenta-el-iago-la-exposicion-dialecticas-surrealistas","status":"publish","type":"post","link":"https:\/\/zonaroja.com.mx\/?p=79504","title":{"rendered":"Presenta el IAGO la exposici\u00f3n \u201cDial\u00e9cticas surrealistas\u201d"},"content":{"rendered":"\n<p>Redacci\u00f3n\/Zona Roja.<\/p>\n\n\n\n<p>Oaxaca de Ju\u00e1rez, Oax., a 18 de abril de 2025.- Para conmemorar los 100 a\u00f1os de la publicaci\u00f3n del manifiesto surrealista realizado por el escritor franc\u00e9s Andr\u00e9 Breton (1896-1966) en octubre de 1924, el Instituto de Artes Gr\u00e1ficas de Oaxaca (IAGO) presenta la exposici\u00f3n,&nbsp;\u201cDial\u00e9cticas surrealistas. Una mirada al surrealismo desde la Colecci\u00f3n Toledo\u201d.<\/p>\n\n\n\n<p>Ariel Miranda, curadora de la muestra, dijo que en \u00e9sta hacen&nbsp;una revisi\u00f3n al surrealismo a partir de una selecci\u00f3n de 51 obras gr\u00e1ficas pertenecientes a la Colecci\u00f3n Toledo.<\/p>\n\n\n\n<p>\u201cEl surrealismo fue una corriente cultural de las vanguardias que dese\u00f3 ser un renovador de la vida interior, y se encaus\u00f3 en enmendar la fragmentaci\u00f3n ps\u00edquica y espiritual que provocaron el capitalismo, la pol\u00edtica y la guerra. Sumado a esto, las ideas fluctuantes alrededor del declive del positivismo, la inventiva cient\u00edfica aplicada a la guerra, la desolaci\u00f3n y el estado de inquietud que \u00e9sta dej\u00f3 a su paso fueron otros elementos que contribuyeron a su desarrollo\u201d, detall\u00f3 Miranda.<\/p>\n\n\n\n<p>La curadora coment\u00f3 que el \u201cmovimiento surrealista aspir\u00f3 a crear una ruptura entre la raz\u00f3n, dando paso a la libertad y a la espontaneidad, el objetivo era romper las barreras impuestas por la racionalidad. Los surrealistas trataron de convertir la vida en una fantas\u00eda y tuvieron el impulso de transformar la realidad, de modo que sus obras fueran una manifestaci\u00f3n mat\u00e9rica de lo imaginario, la enso\u00f1aci\u00f3n, lo irreal e irracional, por lo que recurrieron a la literatura, particularmente a la poes\u00eda, y se inspiraron en algunas ideas engendradas en el dada\u00edsmo\u201d.<\/p>\n\n\n\n<p>Agreg\u00f3 que en esta exhibici\u00f3n, \u201cse aborda la idea de las im\u00e1genes surrealistas antes del movimiento, en las cuales las formas y escenas nos remiten a la fantas\u00eda y al sue\u00f1o, temas fundamentales en el surrealismo\u201d.&nbsp;<\/p>\n\n\n\n<p>Podr\u00e1n ver obras gr\u00e1ficas de grandes exponentes del movimiento como Salvador Dal\u00ed, Joan Mir\u00f3 y Max Ernst, y otros artistas que lo adoptaron y continuaron con estos planteamientos visuales a lo largo de su trayectoria como Andr\u00e9 Masson, Alberto Giacometti, Man Ray, Kurt Seligmann, entre otros.<\/p>\n\n\n\n<p>Tambi\u00e9n se presentan los alcances del surrealismo en Latinoam\u00e9rica con la obra de artistas como Wifredo Lam y Roberto Matta, y con los artistas mexicanos Juan O\u00b4Gorman, Julio Castellanos, Jes\u00fas Reyes Ferreira, Francisco Guti\u00e9rrez, Jos\u00e9 Clemente Orozco, Sergio Hern\u00e1ndez, Carlos Orozco Romero, cuyas obras manifiestan el paso del surrealismo en nuestro pa\u00eds.&nbsp;<\/p>\n\n\n\n<p>En 1940 en la Ciudad de M\u00e9xico, se realiz\u00f3 la V Exposici\u00f3n Internacional del Surrealismo organizada por el mismo Breton (que hab\u00eda arribado a M\u00e9xico en 1938), Wolfgang Paalen y el poeta C\u00e9sar Moro. Posteriormente, tom\u00f3 fuerza con la llegada de artistas como Alice Rahon, Remedios Varo, Leonora Carrington, de las cuales se retoman algunas obras.&nbsp;<\/p>\n\n\n\n<p>\u201cEn esta b\u00fasqueda hacia la mirada interior, los artistas crearon un punto de encuentro entre la realidad interna y la externa, el sue\u00f1o y la vigilia, lo racional y lo irracional, por medio de sus visiones y del arte fant\u00e1stico, lograron que el surrealismo se convirtiera en una de las vanguardias que ha tenido mayor impacto en el arte y que contin\u00fae produciendo ecos a trav\u00e9s de las obras de artistas de generaciones ulteriores\u201d, acot\u00f3 Miranda.&nbsp;<\/p>\n\n\n\n<p>El IAGO se ubica en Macedonio Alcal\u00e1 507, Centro Hist\u00f3rico de Oaxaca, el museo abre de mi\u00e9rcoles a lunes de 9 a 20 horas.<\/p>\n","protected":false},"excerpt":{"rendered":"<p>Redacci\u00f3n\/Zona Roja. Oaxaca de Ju\u00e1rez, Oax., a 18 de abril de 2025.- Para conmemorar los&hellip;<\/p>\n","protected":false},"author":2,"featured_media":79505,"comment_status":"closed","ping_status":"open","sticky":false,"template":"","format":"standard","meta":{"_lmt_disableupdate":"","_lmt_disable":"","_jetpack_memberships_contains_paid_content":false,"footnotes":""},"categories":[109,46],"tags":[791],"class_list":["post-79504","post","type-post","status-publish","format-standard","has-post-thumbnail","hentry","category-minuto-a-minuto","category-zona-blanca","tag-instituto-de-artes-graficas-de-oaxaca"],"jetpack_featured_media_url":"https:\/\/zonaroja.com.mx\/wp-content\/uploads\/2025\/04\/Exposicion-dialectica-surrealista.jpg","jetpack_sharing_enabled":true,"_links":{"self":[{"href":"https:\/\/zonaroja.com.mx\/index.php?rest_route=\/wp\/v2\/posts\/79504","targetHints":{"allow":["GET"]}}],"collection":[{"href":"https:\/\/zonaroja.com.mx\/index.php?rest_route=\/wp\/v2\/posts"}],"about":[{"href":"https:\/\/zonaroja.com.mx\/index.php?rest_route=\/wp\/v2\/types\/post"}],"author":[{"embeddable":true,"href":"https:\/\/zonaroja.com.mx\/index.php?rest_route=\/wp\/v2\/users\/2"}],"replies":[{"embeddable":true,"href":"https:\/\/zonaroja.com.mx\/index.php?rest_route=%2Fwp%2Fv2%2Fcomments&post=79504"}],"version-history":[{"count":1,"href":"https:\/\/zonaroja.com.mx\/index.php?rest_route=\/wp\/v2\/posts\/79504\/revisions"}],"predecessor-version":[{"id":79506,"href":"https:\/\/zonaroja.com.mx\/index.php?rest_route=\/wp\/v2\/posts\/79504\/revisions\/79506"}],"wp:featuredmedia":[{"embeddable":true,"href":"https:\/\/zonaroja.com.mx\/index.php?rest_route=\/wp\/v2\/media\/79505"}],"wp:attachment":[{"href":"https:\/\/zonaroja.com.mx\/index.php?rest_route=%2Fwp%2Fv2%2Fmedia&parent=79504"}],"wp:term":[{"taxonomy":"category","embeddable":true,"href":"https:\/\/zonaroja.com.mx\/index.php?rest_route=%2Fwp%2Fv2%2Fcategories&post=79504"},{"taxonomy":"post_tag","embeddable":true,"href":"https:\/\/zonaroja.com.mx\/index.php?rest_route=%2Fwp%2Fv2%2Ftags&post=79504"}],"curies":[{"name":"wp","href":"https:\/\/api.w.org\/{rel}","templated":true}]}}