{"id":79520,"date":"2025-04-18T20:58:59","date_gmt":"2025-04-19T02:58:59","guid":{"rendered":"https:\/\/zonaroja.com.mx\/?p=79520"},"modified":"2025-04-18T20:59:02","modified_gmt":"2025-04-19T02:59:02","slug":"viernes-santo-tragico-en-huatulco-tres-muertos","status":"publish","type":"post","link":"https:\/\/zonaroja.com.mx\/?p=79520","title":{"rendered":"Viernes Santo tr\u00e1gico en Huatulco: tres muertos"},"content":{"rendered":"\n<p>Raymundo Morales\/Zona Roja.<\/p>\n\n\n\n<p>Oaxaca de Ju\u00e1rez, Oax., a 18 de abril de 2025.- En dos hechos distintos, tres personas perdieron la vida este Viernes Santo en el destino tur\u00edstico de Huatulco, Oaxaca.<\/p>\n\n\n\n<p>Por la tarde, una embarcaci\u00f3n con al menos 15 turistas se hundi\u00f3 en el mar, al parecer por sobrecupo, en la playa Maguey de las Bah\u00edas de Huatulco.<\/p>\n\n\n\n<p>Personal salvavidas del Heroico Cuerpo de Bomberos acudi\u00f3 al rescate y traslad\u00f3 a varios de los afectados a un hospital.<\/p>\n\n\n\n<p>Sin embargo, la se\u00f1ora Victoria H. M., de 68 a\u00f1os de edad y originaria del Estado de M\u00e9xico, perdi\u00f3 la vida en un hospital de Santa Cruz Huatulco.<\/p>\n\n\n\n<p>De acuerdo con el periodista Omar Gasga, el hundimiento de esta lancha ocurri\u00f3 justo hoy cuando elementos de la Secretar\u00eda de Marina llevaron a cabo un simulacro de b\u00fasqueda y rescate junto con personal de Protecci\u00f3n Civil y Bomberos de Huatulco.<\/p>\n\n\n\n<p>Record\u00f3 que apenas el domingo pasado un hombre de la tercera edad muri\u00f3 por ahogamiento luego de ser alcanzado por una ola que lo arrastr\u00f3 al mar junto con su esposa cuando ambos estaban en la bah\u00eda Cacaluta.<\/p>\n\n\n\n<p>Otro hecho fatal ocurri\u00f3 la ma\u00f1ana de hoy, en que dos obreros cayeron de lo alto de una construcci\u00f3n, cerca de la d\u00e1rsena de Santa Cruz Huatulco.<\/p>\n\n\n\n<p>A\u00fan se desconocen las causas del accidente, en que perdieron la vida Rodolfo Z. G. y Jos\u00e9 Luis L. R., quienes laboraban en una obra en la avenida Tehuantepec esquina bulevar Benito Ju\u00e1rez.<\/p>\n","protected":false},"excerpt":{"rendered":"<p>Raymundo Morales\/Zona Roja. Oaxaca de Ju\u00e1rez, Oax., a 18 de abril de 2025.- En dos&hellip;<\/p>\n","protected":false},"author":2,"featured_media":79521,"comment_status":"closed","ping_status":"open","sticky":false,"template":"","format":"standard","meta":{"_lmt_disableupdate":"","_lmt_disable":"","_jetpack_memberships_contains_paid_content":false,"footnotes":""},"categories":[47],"tags":[1336],"class_list":["post-79520","post","type-post","status-publish","format-standard","has-post-thumbnail","hentry","category-zona-gris","tag-bahias-de-huatulco"],"jetpack_featured_media_url":"https:\/\/zonaroja.com.mx\/wp-content\/uploads\/2025\/04\/Ahogados-Huatulco.jpg","jetpack_sharing_enabled":true,"_links":{"self":[{"href":"https:\/\/zonaroja.com.mx\/index.php?rest_route=\/wp\/v2\/posts\/79520","targetHints":{"allow":["GET"]}}],"collection":[{"href":"https:\/\/zonaroja.com.mx\/index.php?rest_route=\/wp\/v2\/posts"}],"about":[{"href":"https:\/\/zonaroja.com.mx\/index.php?rest_route=\/wp\/v2\/types\/post"}],"author":[{"embeddable":true,"href":"https:\/\/zonaroja.com.mx\/index.php?rest_route=\/wp\/v2\/users\/2"}],"replies":[{"embeddable":true,"href":"https:\/\/zonaroja.com.mx\/index.php?rest_route=%2Fwp%2Fv2%2Fcomments&post=79520"}],"version-history":[{"count":1,"href":"https:\/\/zonaroja.com.mx\/index.php?rest_route=\/wp\/v2\/posts\/79520\/revisions"}],"predecessor-version":[{"id":79522,"href":"https:\/\/zonaroja.com.mx\/index.php?rest_route=\/wp\/v2\/posts\/79520\/revisions\/79522"}],"wp:featuredmedia":[{"embeddable":true,"href":"https:\/\/zonaroja.com.mx\/index.php?rest_route=\/wp\/v2\/media\/79521"}],"wp:attachment":[{"href":"https:\/\/zonaroja.com.mx\/index.php?rest_route=%2Fwp%2Fv2%2Fmedia&parent=79520"}],"wp:term":[{"taxonomy":"category","embeddable":true,"href":"https:\/\/zonaroja.com.mx\/index.php?rest_route=%2Fwp%2Fv2%2Fcategories&post=79520"},{"taxonomy":"post_tag","embeddable":true,"href":"https:\/\/zonaroja.com.mx\/index.php?rest_route=%2Fwp%2Fv2%2Ftags&post=79520"}],"curies":[{"name":"wp","href":"https:\/\/api.w.org\/{rel}","templated":true}]}}